{"id":33442,"date":"2025-09-01T20:54:09","date_gmt":"2025-09-01T20:54:09","guid":{"rendered":"http:\/\/gazetevizyon.com\/?p=33442"},"modified":"2025-09-01T20:54:09","modified_gmt":"2025-09-01T20:54:09","slug":"balikesirde-huzurevi-programinda-buyuklerle-bulusma","status":"publish","type":"post","link":"http:\/\/gazetevizyon.com\/?p=33442","title":{"rendered":"Bal\u0131kesir&#8217;de Huzurevi Program\u0131nda B\u00fcy\u00fcklerle Bulu\u015fma"},"content":{"rendered":"<p>\n<h2>Bal\u0131kesir&#8217;de Ya\u015fl\u0131 Bak\u0131m Merkezinde Anlaml\u0131 Bulu\u015fma<\/h2>\n<\/p>\n<p><\/p>\n<p>Aile ve Sosyal Hizmetler Bakan\u0131 Mahinur \u00d6zdemir G\u00f6kta\u015f ile birlikte Bal\u0131kesir Huzurevi Ya\u015fl\u0131 Bak\u0131m ve Rehabilitasyon Merkezi&#8217;nde d\u00fczenlenen &#8220;Ge\u00e7mi\u015fin \u0130zinde Gelece\u011fe Umutla Bulu\u015fmas\u0131&#8221; program\u0131nda, <strong>ya\u015fl\u0131 b\u00fcy\u00fcklerle bir araya gelindi<\/strong>. Bu anlaml\u0131 etkinlik, bakanl\u0131\u011f\u0131n ya\u015fl\u0131lara y\u00f6nelik \u00e7al\u0131\u015fmalar\u0131na bir \u00f6rnek te\u015fkil ediyor.<\/p>\n<p><\/p>\n<p><h3>B\u00fcy\u00fcklerin Hayat Tecr\u00fcbeleri ve Dualar\u0131<\/h3>\n<\/p>\n<p><\/p>\n<p>Programda konu\u015fan yetkililer, b\u00fcy\u00fcklerin <strong>hayat tecr\u00fcbelerinin gelece\u011fe \u0131\u015f\u0131k tuttu\u011funa<\/strong> vurgu yapt\u0131. Ayr\u0131ca, b\u00fcy\u00fcklerin <strong>dualar\u0131n\u0131n en b\u00fcy\u00fck g\u00fc\u00e7 kayna\u011f\u0131<\/strong> oldu\u011fu belirtildi. Bu bulu\u015fma, gen\u00e7 nesillerin b\u00fcy\u00fcklerinden ders \u00e7\u0131karmas\u0131 ve onlara sayg\u0131 g\u00f6stermesi a\u00e7\u0131s\u0131ndan \u00f6nemli bir f\u0131rsat sundu.<\/p>\n<p><\/p>\n<p><h3>Bakanl\u0131\u011f\u0131n Ya\u015fl\u0131lara Y\u00f6nelik Politikalar\u0131<\/h3>\n<\/p>\n<p><\/p>\n<p>Aile ve Sosyal Hizmetler Bakanl\u0131\u011f\u0131, <strong>ya\u015fl\u0131lar\u0131n ya\u015fam kalitesini art\u0131rmak<\/strong> i\u00e7in \u00e7e\u015fitli projeler y\u00fcr\u00fct\u00fcyor. Bu projeler aras\u0131nda huzurevi bak\u0131m\u0131, sa\u011fl\u0131k hizmetleri, sosyal etkinlikler ve maddi destekler yer al\u0131yor. Bakanl\u0131k, ya\u015fl\u0131lar\u0131n toplumla entegrasyonunu sa\u011flamak ve onlar\u0131n ihtiya\u00e7lar\u0131n\u0131 kar\u015f\u0131lamak i\u00e7in \u00e7al\u0131\u015fmalar\u0131na devam ediyor.<\/p>\n<p><\/p>\n<p><h3>Program\u0131n \u00d6nemi ve Kat\u0131l\u0131mc\u0131lar<\/h3>\n<\/p>\n<p><\/p>\n<p>Bal\u0131kesir Huzurevi Ya\u015fl\u0131 Bak\u0131m ve Rehabilitasyon Merkezi&#8217;nde d\u00fczenlenen program, <strong>ya\u015fl\u0131lar\u0131n onurland\u0131r\u0131lmas\u0131 ve toplumla ba\u011flar\u0131n\u0131n g\u00fc\u00e7lendirilmesi<\/strong> a\u00e7\u0131s\u0131ndan b\u00fcy\u00fck \u00f6nem ta\u015f\u0131yor. Programa kat\u0131lanlar, b\u00fcy\u00fcklerle sohbet ederek onlar\u0131n deneyimlerinden faydaland\u0131. Bu t\u00fcr etkinlikler, <strong>ya\u015fl\u0131lar\u0131n yaln\u0131zl\u0131klar\u0131n\u0131 gidermeye<\/strong> ve onlara moral vermeye yard\u0131mc\u0131 oluyor.<\/p>\n<p><\/p>\n<p><ul>  <\/p>\n<ul>\n<li>Aile ve Sosyal Hizmetler Bakan\u0131 Mahinur \u00d6zdemir G\u00f6kta\u015f programa kat\u0131ld\u0131.<\/li>\n<p>  <\/p>\n<li>Bal\u0131kesir Huzurevi Ya\u015fl\u0131 Bak\u0131m ve Rehabilitasyon Merkezi ev sahipli\u011fi yapt\u0131.<\/li>\n<p>  <\/p>\n<li>\u201cGe\u00e7mi\u015fin \u0130zinde Gelece\u011fe Umutla Bulu\u015fmas\u0131\u201d program\u0131 d\u00fczenlendi.<\/li>\n<\/ul>\n<p><\/ul><\/p>\n","protected":false},"excerpt":{"rendered":"<p>Bal\u0131kesir&#8217;de Ya\u015fl\u0131 Bak\u0131m Merkezinde Anlaml\u0131 Bulu\u015fma Aile ve Sosyal Hizmetler Bakan\u0131 Mahinur \u00d6zdemir G\u00f6kta\u015f ile birlikte Bal\u0131kesir Huzurevi Ya\u015fl\u0131 Bak\u0131m ve Rehabilitasyon Merkezi&#8217;nde d\u00fczenlenen &#8220;Ge\u00e7mi\u015fin \u0130zinde Gelece\u011fe Umutla Bulu\u015fmas\u0131&#8221; program\u0131nda, ya\u015fl\u0131 b\u00fcy\u00fcklerle bir araya gelindi. Bu anlaml\u0131 etkinlik, bakanl\u0131\u011f\u0131n ya\u015fl\u0131lara&#8230;<\/p>\n","protected":false},"author":1,"featured_media":33443,"comment_status":"closed","ping_status":"closed","sticky":false,"template":"","format":"standard","meta":{"footnotes":""},"categories":[23],"tags":[],"class_list":["post-33442","post","type-post","status-publish","format-standard","has-post-thumbnail","hentry","category-siyaset"],"_links":{"self":[{"href":"http:\/\/gazetevizyon.com\/index.php?rest_route=\/wp\/v2\/posts\/33442","targetHints":{"allow":["GET"]}}],"collection":[{"href":"http:\/\/gazetevizyon.com\/index.php?rest_route=\/wp\/v2\/posts"}],"about":[{"href":"http:\/\/gazetevizyon.com\/index.php?rest_route=\/wp\/v2\/types\/post"}],"author":[{"embeddable":true,"href":"http:\/\/gazetevizyon.com\/index.php?rest_route=\/wp\/v2\/users\/1"}],"replies":[{"embeddable":true,"href":"http:\/\/gazetevizyon.com\/index.php?rest_route=%2Fwp%2Fv2%2Fcomments&post=33442"}],"version-history":[{"count":1,"href":"http:\/\/gazetevizyon.com\/index.php?rest_route=\/wp\/v2\/posts\/33442\/revisions"}],"predecessor-version":[{"id":33454,"href":"http:\/\/gazetevizyon.com\/index.php?rest_route=\/wp\/v2\/posts\/33442\/revisions\/33454"}],"wp:featuredmedia":[{"embeddable":true,"href":"http:\/\/gazetevizyon.com\/index.php?rest_route=\/wp\/v2\/media\/33443"}],"wp:attachment":[{"href":"http:\/\/gazetevizyon.com\/index.php?rest_route=%2Fwp%2Fv2%2Fmedia&parent=33442"}],"wp:term":[{"taxonomy":"category","embeddable":true,"href":"http:\/\/gazetevizyon.com\/index.php?rest_route=%2Fwp%2Fv2%2Fcategories&post=33442"},{"taxonomy":"post_tag","embeddable":true,"href":"http:\/\/gazetevizyon.com\/index.php?rest_route=%2Fwp%2Fv2%2Ftags&post=33442"}],"curies":[{"name":"wp","href":"https:\/\/api.w.org\/{rel}","templated":true}]}}