{"id":33472,"date":"2025-09-02T11:58:28","date_gmt":"2025-09-02T11:58:28","guid":{"rendered":"http:\/\/gazetevizyon.com\/?p=33472"},"modified":"2025-09-02T11:58:28","modified_gmt":"2025-09-02T11:58:28","slug":"bandirma-belediyesinin-yeni-bulteni-belediye-acisi-yayinlandi","status":"publish","type":"post","link":"http:\/\/gazetevizyon.com\/?p=33472","title":{"rendered":"Band\u0131rma Belediyesi&#8217;nin Yeni B\u00fclteni &#8220;Belediye A\u00e7\u0131s\u0131&#8221; Yay\u0131nland\u0131"},"content":{"rendered":"<p>\n<h2>Band\u0131rma Belediyesi&#8217;nin Yeni B\u00fclteni &#8220;Belediye A\u00e7\u0131s\u0131&#8221; Yay\u0131nland\u0131<\/h2>\n<\/p>\n<p><\/p>\n<p>Band\u0131rma Belediyesi, &#8220;Belediye A\u00e7\u0131s\u0131&#8221; isimli b\u00fclteninin 3. say\u0131s\u0131n\u0131 yay\u0131nlad\u0131. <strong>Band\u0131rma Belediyesi<\/strong>&#8216;nin kentteki \u00e7al\u0131\u015fmalar\u0131, projeleri ve g\u00fcndemine dair t\u00fcm detaylar bu say\u0131da yer al\u0131yor.<\/p>\n<p><\/p>\n<p><h3>Kent \u00c7al\u0131\u015fmalar\u0131na Genel Bak\u0131\u015f<\/h3>\n<\/p>\n<p><\/p>\n<p>B\u00fclten, Band\u0131rma Belediyesi&#8217;nin son d\u00f6nemdeki <strong>kent \u00e7al\u0131\u015fmalar\u0131<\/strong>na kapsaml\u0131 bir genel bak\u0131\u015f sunuyor. \u015eehirdeki iyile\u015ftirmeler, yap\u0131lan yat\u0131r\u0131mlar ve gelecekteki projeler hakk\u0131nda bilgi veren b\u00fclten, vatanda\u015flar\u0131n belediye faaliyetleri hakk\u0131nda daha fazla bilgi edinmesini ama\u00e7l\u0131yor.<\/p>\n<p><\/p>\n<p><h3>Projeler Hakk\u0131nda Detayl\u0131 Bilgiler<\/h3>\n<\/p>\n<p><\/p>\n<p>&#8220;Belediye A\u00e7\u0131s\u0131&#8221; say\u0131s\u0131nda, devam eden ve planlanan <strong>projeler<\/strong> hakk\u0131nda detayl\u0131 bilgiler yer al\u0131yor. Bu projeler, \u015fehrin altyap\u0131s\u0131n\u0131 g\u00fc\u00e7lendirmekten, ya\u015fam kalitesini art\u0131rmaya kadar \u00e7e\u015fitli alanlar\u0131 kaps\u0131yor.<\/p>\n<p><\/p>\n<p><h3>G\u00fcndemdeki \u00d6nemli Konular<\/h3>\n<\/p>\n<p><\/p>\n<p>B\u00fclten, Band\u0131rma Belediyesi&#8217;nin g\u00fcndemindeki <strong>\u00f6nemli konular<\/strong>\u0131 da ele al\u0131yor. \u015eehirdeki g\u00fcncel geli\u015fmeler, al\u0131nan kararlar ve yap\u0131lan d\u00fczenlemeler hakk\u0131nda bilgilendirme yap\u0131l\u0131yor.<\/p>\n<p><\/p>\n<p><h3>B\u00fcltene Nas\u0131l Ula\u015fabilirsiniz?<\/h3>\n<\/p>\n<p><\/p>\n<p>Band\u0131rma Belediyesi&#8217;nin &#8220;Belediye A\u00e7\u0131s\u0131&#8221; b\u00fclteninin 3. say\u0131s\u0131, belediyenin sosyal medya hesaplar\u0131nda yer alan ba\u011flant\u0131 \u00fczerinden g\u00f6r\u00fcnt\u00fclenebilir. <strong>Vatanda\u015flar<\/strong>, b\u00fclteni bio&#8217;daki linkten kolayca inceleyebilirler.<\/p>\n<p><\/p>\n<p><ul>  <\/p>\n<ul>\n<li>B\u00fcltene ula\u015fmak i\u00e7in belediyenin sosyal medya hesaplar\u0131n\u0131 takip edin.<\/li>\n<p>  <\/p>\n<li>Bio&#8217;daki ba\u011flant\u0131 \u00fczerinden b\u00fclteni g\u00f6r\u00fcnt\u00fcleyin.<\/li>\n<p>  <\/p>\n<li>Kent \u00e7al\u0131\u015fmalar\u0131n\u0131, projeleri ve g\u00fcndemdeki konular\u0131 takip edin.<\/li>\n<\/ul>\n<p><\/ul><\/p>\n","protected":false},"excerpt":{"rendered":"<p>Band\u0131rma Belediyesi&#8217;nin Yeni B\u00fclteni &#8220;Belediye A\u00e7\u0131s\u0131&#8221; Yay\u0131nland\u0131 Band\u0131rma Belediyesi, &#8220;Belediye A\u00e7\u0131s\u0131&#8221; isimli b\u00fclteninin 3. say\u0131s\u0131n\u0131 yay\u0131nlad\u0131. Band\u0131rma Belediyesi&#8216;nin kentteki \u00e7al\u0131\u015fmalar\u0131, projeleri ve g\u00fcndemine dair t\u00fcm detaylar bu say\u0131da yer al\u0131yor. Kent \u00c7al\u0131\u015fmalar\u0131na Genel Bak\u0131\u015f B\u00fclten, Band\u0131rma Belediyesi&#8217;nin son d\u00f6nemdeki kent&#8230;<\/p>\n","protected":false},"author":1,"featured_media":33473,"comment_status":"closed","ping_status":"closed","sticky":false,"template":"","format":"standard","meta":{"footnotes":""},"categories":[36],"tags":[],"class_list":["post-33472","post","type-post","status-publish","format-standard","has-post-thumbnail","hentry","category-manset"],"_links":{"self":[{"href":"http:\/\/gazetevizyon.com\/index.php?rest_route=\/wp\/v2\/posts\/33472","targetHints":{"allow":["GET"]}}],"collection":[{"href":"http:\/\/gazetevizyon.com\/index.php?rest_route=\/wp\/v2\/posts"}],"about":[{"href":"http:\/\/gazetevizyon.com\/index.php?rest_route=\/wp\/v2\/types\/post"}],"author":[{"embeddable":true,"href":"http:\/\/gazetevizyon.com\/index.php?rest_route=\/wp\/v2\/users\/1"}],"replies":[{"embeddable":true,"href":"http:\/\/gazetevizyon.com\/index.php?rest_route=%2Fwp%2Fv2%2Fcomments&post=33472"}],"version-history":[{"count":1,"href":"http:\/\/gazetevizyon.com\/index.php?rest_route=\/wp\/v2\/posts\/33472\/revisions"}],"predecessor-version":[{"id":33479,"href":"http:\/\/gazetevizyon.com\/index.php?rest_route=\/wp\/v2\/posts\/33472\/revisions\/33479"}],"wp:featuredmedia":[{"embeddable":true,"href":"http:\/\/gazetevizyon.com\/index.php?rest_route=\/wp\/v2\/media\/33473"}],"wp:attachment":[{"href":"http:\/\/gazetevizyon.com\/index.php?rest_route=%2Fwp%2Fv2%2Fmedia&parent=33472"}],"wp:term":[{"taxonomy":"category","embeddable":true,"href":"http:\/\/gazetevizyon.com\/index.php?rest_route=%2Fwp%2Fv2%2Fcategories&post=33472"},{"taxonomy":"post_tag","embeddable":true,"href":"http:\/\/gazetevizyon.com\/index.php?rest_route=%2Fwp%2Fv2%2Ftags&post=33472"}],"curies":[{"name":"wp","href":"https:\/\/api.w.org\/{rel}","templated":true}]}}