{"id":33524,"date":"2025-09-03T11:33:39","date_gmt":"2025-09-03T11:33:39","guid":{"rendered":"http:\/\/gazetevizyon.com\/?p=33524"},"modified":"2025-09-03T11:33:39","modified_gmt":"2025-09-03T11:33:39","slug":"balikesirde-cini-sanatinin-guzelligi-mavinin-lal-hali-sergisiyle-bulusuyor","status":"publish","type":"post","link":"http:\/\/gazetevizyon.com\/?p=33524","title":{"rendered":"Bal\u0131kesir&#8217;de \u00c7ini Sanat\u0131n\u0131n G\u00fczelli\u011fi &#8220;Mavinin Lal Hali&#8221; Sergisiyle Bulu\u015fuyor"},"content":{"rendered":"<p>\n<h2>Bal\u0131kesir&#8217;de \u00c7ini Sanat\u0131na \u0130lgi Art\u0131yor<\/h2>\n<\/p>\n<p><\/p>\n<p>Bal\u0131kesir Kent Konseyi Fuaye Alan\u0131, 8<\/p>\n<ul>\n<li>12 Eyl\u00fcl tarihleri aras\u0131nda <strong>\u00e7ini sanat\u0131<\/strong> tutkunlar\u0131n\u0131 bulu\u015fturacak &#8220;Mavinin Lal Hali&#8221; sergisine ev sahipli\u011fi yap\u0131yor. Sergide, e\u011fitmen Fidan Can&#8217;\u0131n emek ve sanatla yo\u011furdu\u011fu eserler sergilenecek.<\/p>\n<\/li>\n<p><\/p>\n<p><h3>Geleneksel ve Modern Sanat\u0131n Bulu\u015fmas\u0131<\/h3>\n<\/p>\n<p><\/p>\n<p>&#8220;Mavinin Lal Hali&#8221; sergisi, geleneksel <strong>\u00e7ini sanat\u0131n\u0131n<\/strong> zarif \u00e7izgilerini modern yorumlarla bir araya getiriyor. Sanatseverler, sergide hem geleneksel tekniklerle yap\u0131lm\u0131\u015f eserleri hem de modern \u00e7ini sanat\u0131n\u0131n \u00f6rneklerini g\u00f6rebilecekler. <\/p>\n<p><\/p>\n<p><h3>Sergi Detaylar\u0131<\/h3>\n<\/p>\n<p><\/p>\n<p>Sergi, 8 Eyl\u00fcl ile 12 Eyl\u00fcl tarihleri aras\u0131nda 10:00 ile 18:00 saatleri aras\u0131nda ziyarete a\u00e7\u0131k olacak. <strong>Bal\u0131kesir Kent Konseyi Fuaye Alan\u0131<\/strong>&#8216;nda d\u00fczenlenecek sergiye t\u00fcm sanatseverler davetli.<\/p>\n<p><\/p>\n<p><ul>  <\/p>\n<li><strong>Tarih:<\/strong> 8\n<li>12 Eyl\u00fcl<\/li>\n<\/li>\n<p>  <\/p>\n<li><strong>Saat:<\/strong> 10:00\n<li>18:00<\/li>\n<\/li>\n<p>  <\/p>\n<li><strong>Yer:<\/strong> Bal\u0131kesir Kent Konseyi Fuaye Alan\u0131<\/li>\n<\/ul>\n<p><\/ul>\n<\/p>\n<p><\/p>\n<p><h3>E\u011fitmen Fidan Can&#8217;\u0131n Eserleri<\/h3>\n<\/p>\n<p><\/p>\n<p>Sergide yer alan eserler, e\u011fitmen Fidan Can&#8217;\u0131n uzun y\u0131llara dayanan deneyimi ve sanatsal yetene\u011fiyle ortaya konan \u00f6zg\u00fcn \u00e7al\u0131\u015fmalar\u0131ndan olu\u015fuyor. <strong>Fidan Can<\/strong>&#8216;\u0131n eserleri, \u00e7ini sanat\u0131n\u0131n farkl\u0131 tekniklerini ve estetik anlay\u0131\u015f\u0131n\u0131 yans\u0131t\u0131yor.<\/p><\/p>\n","protected":false},"excerpt":{"rendered":"<p>Bal\u0131kesir&#8217;de \u00c7ini Sanat\u0131na \u0130lgi Art\u0131yor Bal\u0131kesir Kent Konseyi Fuaye Alan\u0131, 8 12 Eyl\u00fcl tarihleri aras\u0131nda \u00e7ini sanat\u0131 tutkunlar\u0131n\u0131 bulu\u015fturacak &#8220;Mavinin Lal Hali&#8221; sergisine ev sahipli\u011fi yap\u0131yor. Sergide, e\u011fitmen Fidan Can&#8217;\u0131n emek ve sanatla yo\u011furdu\u011fu eserler sergilenecek. Geleneksel ve Modern Sanat\u0131n&#8230;<\/p>\n","protected":false},"author":1,"featured_media":33525,"comment_status":"closed","ping_status":"closed","sticky":false,"template":"","format":"standard","meta":{"footnotes":""},"categories":[36],"tags":[],"class_list":["post-33524","post","type-post","status-publish","format-standard","has-post-thumbnail","hentry","category-manset"],"_links":{"self":[{"href":"http:\/\/gazetevizyon.com\/index.php?rest_route=\/wp\/v2\/posts\/33524","targetHints":{"allow":["GET"]}}],"collection":[{"href":"http:\/\/gazetevizyon.com\/index.php?rest_route=\/wp\/v2\/posts"}],"about":[{"href":"http:\/\/gazetevizyon.com\/index.php?rest_route=\/wp\/v2\/types\/post"}],"author":[{"embeddable":true,"href":"http:\/\/gazetevizyon.com\/index.php?rest_route=\/wp\/v2\/users\/1"}],"replies":[{"embeddable":true,"href":"http:\/\/gazetevizyon.com\/index.php?rest_route=%2Fwp%2Fv2%2Fcomments&post=33524"}],"version-history":[{"count":1,"href":"http:\/\/gazetevizyon.com\/index.php?rest_route=\/wp\/v2\/posts\/33524\/revisions"}],"predecessor-version":[{"id":33526,"href":"http:\/\/gazetevizyon.com\/index.php?rest_route=\/wp\/v2\/posts\/33524\/revisions\/33526"}],"wp:featuredmedia":[{"embeddable":true,"href":"http:\/\/gazetevizyon.com\/index.php?rest_route=\/wp\/v2\/media\/33525"}],"wp:attachment":[{"href":"http:\/\/gazetevizyon.com\/index.php?rest_route=%2Fwp%2Fv2%2Fmedia&parent=33524"}],"wp:term":[{"taxonomy":"category","embeddable":true,"href":"http:\/\/gazetevizyon.com\/index.php?rest_route=%2Fwp%2Fv2%2Fcategories&post=33524"},{"taxonomy":"post_tag","embeddable":true,"href":"http:\/\/gazetevizyon.com\/index.php?rest_route=%2Fwp%2Fv2%2Ftags&post=33524"}],"curies":[{"name":"wp","href":"https:\/\/api.w.org\/{rel}","templated":true}]}}