{"id":33551,"date":"2025-09-03T17:58:19","date_gmt":"2025-09-03T17:58:19","guid":{"rendered":"http:\/\/gazetevizyon.com\/?p=33551"},"modified":"2025-09-03T17:58:19","modified_gmt":"2025-09-03T17:58:19","slug":"ayvalik-cumhuriyet-bassavcisi-vali-ustaoglunu-ziyaret-etti","status":"publish","type":"post","link":"http:\/\/gazetevizyon.com\/?p=33551","title":{"rendered":"Ayval\u0131k Cumhuriyet Ba\u015fsavc\u0131s\u0131 Vali Ustao\u011flu&#8217;nu Ziyaret Etti"},"content":{"rendered":"<p>\n<h2>Vali Ustao\u011flu&#8217;na Ziyaret<\/h2>\n<\/p>\n<p><\/p>\n<p>Bal\u0131kesir Valisi \u0130smail Ustao\u011flu, Ayval\u0131k Cumhuriyet Ba\u015fsavc\u0131s\u0131 Mehmet Fatih Acemo\u011flu&#8217;nun ziyaretini kabul etti. Ziyaret, <strong>Valilik Makam\u0131<\/strong>&#8216;nda ger\u00e7ekle\u015fti.<\/p>\n<p><\/p>\n<p><h3>Ziyaretin Detaylar\u0131<\/h3>\n<\/p>\n<p><\/p>\n<p>Ayval\u0131k Cumhuriyet Ba\u015fsavc\u0131s\u0131 Mehmet Fatih Acemo\u011flu, Bal\u0131kesir Valisi \u0130smail Ustao\u011flu&#8217;nu makam\u0131nda ziyaret ederek bir s\u00fcre g\u00f6r\u00fc\u015fme ger\u00e7ekle\u015ftirdi. Ziyarette, b\u00f6lgedeki adalet hizmetleri ve g\u00fcvenlik konular\u0131 gibi \u00e7e\u015fitli konular ele al\u0131nd\u0131. <strong>Adalet hizmetleri<\/strong>nin etkinli\u011fi ve yarg\u0131 s\u00fcre\u00e7lerinin iyile\u015ftirilmesi \u00fczerine fikir al\u0131\u015fveri\u015finde bulunuldu.<\/p>\n<p><\/p>\n<p><h3>G\u00f6r\u00fc\u015fmede Ele Al\u0131nan Konular<\/h3>\n<\/p>\n<p><\/p>\n<p>G\u00f6r\u00fc\u015fmede, Ayval\u0131k il\u00e7esindeki <strong>g\u00fcvenlik durumu<\/strong> hakk\u0131nda bilgi al\u0131\u015fveri\u015finde bulunuldu. Ayr\u0131ca, b\u00f6lgedeki adli s\u00fcre\u00e7lerin daha h\u0131zl\u0131 ve etkin bir \u015fekilde y\u00fcr\u00fct\u00fclmesi i\u00e7in yap\u0131labilecek \u00e7al\u0131\u015fmalar hakk\u0131nda g\u00f6r\u00fc\u015f\u00fcld\u00fc. Ziyarette ayr\u0131ca, adalet sisteminin g\u00fc\u00e7lendirilmesi ve vatanda\u015flar\u0131n yarg\u0131ya eri\u015fiminin kolayla\u015ft\u0131r\u0131lmas\u0131 konular\u0131 da ele al\u0131nd\u0131.<\/p>\n<p><\/p>\n<p><ul>    <\/p>\n<ul>\n<li>Ayval\u0131k il\u00e7esindeki adalet hizmetlerinin mevcut durumu de\u011ferlendirildi.<\/li>\n<p>    <\/p>\n<li>G\u00fcvenlik konular\u0131nda bilgi al\u0131\u015fveri\u015finde bulunuldu.<\/li>\n<p>    <\/p>\n<li>Adli s\u00fcre\u00e7lerin iyile\u015ftirilmesi i\u00e7in olas\u0131 i\u015fbirli\u011fi alanlar\u0131 tart\u0131\u015f\u0131ld\u0131.<\/li>\n<\/ul>\n<p><\/ul>\n<\/p>\n<p><\/p>\n<p><strong>Vali Ustao\u011flu<\/strong>, ziyaretten duydu\u011fu memnuniyeti dile getirerek, Cumhuriyet Ba\u015fsavc\u0131s\u0131 Acemo\u011flu&#8217;na \u00e7al\u0131\u015fmalar\u0131nda ba\u015far\u0131lar diledi.<\/p><\/p>\n","protected":false},"excerpt":{"rendered":"<p>Vali Ustao\u011flu&#8217;na Ziyaret Bal\u0131kesir Valisi \u0130smail Ustao\u011flu, Ayval\u0131k Cumhuriyet Ba\u015fsavc\u0131s\u0131 Mehmet Fatih Acemo\u011flu&#8217;nun ziyaretini kabul etti. Ziyaret, Valilik Makam\u0131&#8216;nda ger\u00e7ekle\u015fti. Ziyaretin Detaylar\u0131 Ayval\u0131k Cumhuriyet Ba\u015fsavc\u0131s\u0131 Mehmet Fatih Acemo\u011flu, Bal\u0131kesir Valisi \u0130smail Ustao\u011flu&#8217;nu makam\u0131nda ziyaret ederek bir s\u00fcre g\u00f6r\u00fc\u015fme ger\u00e7ekle\u015ftirdi. Ziyarette,&#8230;<\/p>\n","protected":false},"author":1,"featured_media":33552,"comment_status":"closed","ping_status":"closed","sticky":false,"template":"","format":"standard","meta":{"footnotes":""},"categories":[36],"tags":[],"class_list":["post-33551","post","type-post","status-publish","format-standard","has-post-thumbnail","hentry","category-manset"],"_links":{"self":[{"href":"http:\/\/gazetevizyon.com\/index.php?rest_route=\/wp\/v2\/posts\/33551","targetHints":{"allow":["GET"]}}],"collection":[{"href":"http:\/\/gazetevizyon.com\/index.php?rest_route=\/wp\/v2\/posts"}],"about":[{"href":"http:\/\/gazetevizyon.com\/index.php?rest_route=\/wp\/v2\/types\/post"}],"author":[{"embeddable":true,"href":"http:\/\/gazetevizyon.com\/index.php?rest_route=\/wp\/v2\/users\/1"}],"replies":[{"embeddable":true,"href":"http:\/\/gazetevizyon.com\/index.php?rest_route=%2Fwp%2Fv2%2Fcomments&post=33551"}],"version-history":[{"count":1,"href":"http:\/\/gazetevizyon.com\/index.php?rest_route=\/wp\/v2\/posts\/33551\/revisions"}],"predecessor-version":[{"id":33566,"href":"http:\/\/gazetevizyon.com\/index.php?rest_route=\/wp\/v2\/posts\/33551\/revisions\/33566"}],"wp:featuredmedia":[{"embeddable":true,"href":"http:\/\/gazetevizyon.com\/index.php?rest_route=\/wp\/v2\/media\/33552"}],"wp:attachment":[{"href":"http:\/\/gazetevizyon.com\/index.php?rest_route=%2Fwp%2Fv2%2Fmedia&parent=33551"}],"wp:term":[{"taxonomy":"category","embeddable":true,"href":"http:\/\/gazetevizyon.com\/index.php?rest_route=%2Fwp%2Fv2%2Fcategories&post=33551"},{"taxonomy":"post_tag","embeddable":true,"href":"http:\/\/gazetevizyon.com\/index.php?rest_route=%2Fwp%2Fv2%2Ftags&post=33551"}],"curies":[{"name":"wp","href":"https:\/\/api.w.org\/{rel}","templated":true}]}}