{"id":33553,"date":"2025-09-03T17:54:55","date_gmt":"2025-09-03T17:54:55","guid":{"rendered":"http:\/\/gazetevizyon.com\/?p=33553"},"modified":"2025-09-03T17:54:55","modified_gmt":"2025-09-03T17:54:55","slug":"balikesirde-domates-hasadi-basladi-koseler-koyu-turkiyenin-sebze-ihtiyacina-katki-sagliyor","status":"publish","type":"post","link":"http:\/\/gazetevizyon.com\/?p=33553","title":{"rendered":"Bal\u0131kesir&#8217;de Domates Hasad\u0131 Ba\u015flad\u0131: K\u00f6seler K\u00f6y\u00fc T\u00fcrkiye&#8217;nin Sebze \u0130htiyac\u0131na Katk\u0131 Sa\u011fl\u0131yor"},"content":{"rendered":"<p>\n<h2>Bal\u0131kesir&#8217;de Domates \u00dcretimi T\u00fcrkiye&#8217;nin G\u0131da G\u00fcvenli\u011fine Katk\u0131 Sa\u011fl\u0131yor<\/h2>\n<\/p>\n<p><\/p>\n<p><p>T\u00fcrkiye\u2019nin <strong>sebze tohumu<\/strong> ihtiyac\u0131n\u0131n %60\u2019\u0131n\u0131 kar\u015f\u0131layan Bal\u0131kesir\u2019in merkez k\u00f6ylerinden K\u00f6seler Mahallesi\u2019nde <strong>domates hasad\u0131<\/strong> ba\u015flad\u0131. K\u00f6seler Mahallesi\u2019ndeki <strong>domates tohumu \u00fcretim tesisleri<\/strong>, \u00fclke genelindeki g\u0131da g\u00fcvenli\u011fine \u00f6nemli katk\u0131lar sa\u011fl\u0131yor.<\/p>\n<\/p>\n<p><\/p>\n<p><h3>Domates Tohumu \u00dcretim Tesislerinde \u0130ncelemeler<\/h3>\n<\/p>\n<p><\/p>\n<p><p>Mustafa Canbey, K\u00f6seler Mahallesi\u2019ndeki <strong>domates tohumu \u00fcretim tesislerini<\/strong> ziyaret ederek, \u00fcretim s\u00fcre\u00e7leri hakk\u0131nda detayl\u0131 bilgi ald\u0131. Tesislerde y\u00fcr\u00fct\u00fclen \u00e7al\u0131\u015fmalar\u0131n, y\u00fcksek kaliteli <strong>domates tohumu<\/strong> \u00fcretimi i\u00e7in titizlikle planland\u0131\u011f\u0131 g\u00f6zlemlendi.<\/p>\n<\/p>\n<p><\/p>\n<p><h3>\u00c7ift\u00e7ilerle Birlikte Domates Hasad\u0131<\/h3>\n<\/p>\n<p><\/p>\n<p><p>Ziyaretin ard\u0131ndan tarlaya inerek <strong>domates hasad\u0131<\/strong>na kat\u0131lan Mustafa Canbey, \u00e7ift\u00e7ilerin eme\u011fine ortak oldu. Bu etkinlik, \u00fcreticilere destek verme ve tar\u0131msal \u00fcretimin \u00f6nemini vurgulama amac\u0131 ta\u015f\u0131yor. <strong>Domates hasad\u0131<\/strong>, bereketli topraklar\u0131n \u00fcr\u00fcnlerini sofralara ta\u015f\u0131ma s\u00fcrecinin ilk ad\u0131mlar\u0131n\u0131 olu\u015fturuyor.<\/p>\n<\/p>\n<p><\/p>\n<p><h3>\u00dcreticilere Destek ve Al\u0131n Terinin De\u011feri<\/h3>\n<\/p>\n<p><\/p>\n<p><p>Mustafa Canbey, \u201c\u0130\u015fin ucundan tutmak, al\u0131n terine omuz vermek bizim i\u00e7in b\u00fcy\u00fck bir mutluluk\u201d ifadelerini kullanarak, \u00fcreticilere her t\u00fcrl\u00fc deste\u011fi vermeye devam edeceklerini belirtti. <strong>\u00dcreticilerin gayreti<\/strong>, bereketli topraklar\u0131n \u00fcr\u00fcnlerini sofralara de\u011fer katmaya devam ediyor.<\/p>\n<\/p>\n<p><\/p>\n<p><ul>  <\/p>\n<ul>\n<li>T\u00fcrkiye\u2019nin %60 sebze tohum ihtiyac\u0131 kar\u015f\u0131lan\u0131yor.<\/li>\n<p>  <\/p>\n<li>Bal\u0131kesir merkez k\u00f6ylerindeki tesisler, kaliteli tohum \u00fcretimi yap\u0131yor.<\/li>\n<p>  <\/p>\n<li>\u00c7ift\u00e7ilere destek, tar\u0131msal \u00fcretimin s\u00fcrd\u00fcr\u00fclebilirli\u011fi i\u00e7in \u00f6nem ta\u015f\u0131yor.<\/li>\n<\/ul>\n<p><\/ul>\n<\/p>\n<p><\/p>\n<p><h3>Bereketli Topraklar ve Sofralara De\u011fer<\/h3>\n<\/p>\n<p><\/p>\n<p><p>Mustafa Canbey, her daim \u00e7ift\u00e7inin yan\u0131nda olduklar\u0131n\u0131 ve eme\u011fin ve \u00fcretimin destek\u00e7isi olduklar\u0131n\u0131 vurgulad\u0131. <strong>Bereketli topraklar<\/strong> sayesinde elde edilen \u00fcr\u00fcnler, \u00fclke genelindeki sofralara de\u011fer katmaya devam ediyor.<\/p><\/p>\n","protected":false},"excerpt":{"rendered":"<p>Bal\u0131kesir&#8217;de Domates \u00dcretimi T\u00fcrkiye&#8217;nin G\u0131da G\u00fcvenli\u011fine Katk\u0131 Sa\u011fl\u0131yor T\u00fcrkiye\u2019nin sebze tohumu ihtiyac\u0131n\u0131n %60\u2019\u0131n\u0131 kar\u015f\u0131layan Bal\u0131kesir\u2019in merkez k\u00f6ylerinden K\u00f6seler Mahallesi\u2019nde domates hasad\u0131 ba\u015flad\u0131. K\u00f6seler Mahallesi\u2019ndeki domates tohumu \u00fcretim tesisleri, \u00fclke genelindeki g\u0131da g\u00fcvenli\u011fine \u00f6nemli katk\u0131lar sa\u011fl\u0131yor. Domates Tohumu \u00dcretim Tesislerinde \u0130ncelemeler&#8230;<\/p>\n","protected":false},"author":1,"featured_media":33554,"comment_status":"closed","ping_status":"closed","sticky":false,"template":"","format":"standard","meta":{"footnotes":""},"categories":[23],"tags":[],"class_list":["post-33553","post","type-post","status-publish","format-standard","has-post-thumbnail","hentry","category-siyaset"],"_links":{"self":[{"href":"http:\/\/gazetevizyon.com\/index.php?rest_route=\/wp\/v2\/posts\/33553","targetHints":{"allow":["GET"]}}],"collection":[{"href":"http:\/\/gazetevizyon.com\/index.php?rest_route=\/wp\/v2\/posts"}],"about":[{"href":"http:\/\/gazetevizyon.com\/index.php?rest_route=\/wp\/v2\/types\/post"}],"author":[{"embeddable":true,"href":"http:\/\/gazetevizyon.com\/index.php?rest_route=\/wp\/v2\/users\/1"}],"replies":[{"embeddable":true,"href":"http:\/\/gazetevizyon.com\/index.php?rest_route=%2Fwp%2Fv2%2Fcomments&post=33553"}],"version-history":[{"count":1,"href":"http:\/\/gazetevizyon.com\/index.php?rest_route=\/wp\/v2\/posts\/33553\/revisions"}],"predecessor-version":[{"id":33565,"href":"http:\/\/gazetevizyon.com\/index.php?rest_route=\/wp\/v2\/posts\/33553\/revisions\/33565"}],"wp:featuredmedia":[{"embeddable":true,"href":"http:\/\/gazetevizyon.com\/index.php?rest_route=\/wp\/v2\/media\/33554"}],"wp:attachment":[{"href":"http:\/\/gazetevizyon.com\/index.php?rest_route=%2Fwp%2Fv2%2Fmedia&parent=33553"}],"wp:term":[{"taxonomy":"category","embeddable":true,"href":"http:\/\/gazetevizyon.com\/index.php?rest_route=%2Fwp%2Fv2%2Fcategories&post=33553"},{"taxonomy":"post_tag","embeddable":true,"href":"http:\/\/gazetevizyon.com\/index.php?rest_route=%2Fwp%2Fv2%2Ftags&post=33553"}],"curies":[{"name":"wp","href":"https:\/\/api.w.org\/{rel}","templated":true}]}}