{"id":33625,"date":"2025-09-07T14:09:09","date_gmt":"2025-09-07T14:09:09","guid":{"rendered":"http:\/\/gazetevizyon.com\/?p=33625"},"modified":"2025-09-07T14:09:09","modified_gmt":"2025-09-07T14:09:09","slug":"balikesirde-zafer-bayrami-coskusu-ve-yeni-egitim-ogretim-yili-hazirliklari","status":"publish","type":"post","link":"http:\/\/gazetevizyon.com\/?p=33625","title":{"rendered":"Bal\u0131kesir&#8217;de Zafer Bayram\u0131 Co\u015fkusu ve Yeni E\u011fitim-\u00d6\u011fretim Y\u0131l\u0131 Haz\u0131rl\u0131klar\u0131"},"content":{"rendered":"<p>\n<h2>Bal\u0131kesir&#8217;de Zafer Bayram\u0131 Co\u015fkuyla Kutland\u0131<\/h2>\n<\/p>\n<p><\/p>\n<p><p><strong>Bal\u0131kesir<\/strong>&#8216;de 30 A\u011fustos Zafer Bayram\u0131 co\u015fkuyla kutland\u0131. \u015eehir, <strong>Zafer Bayram\u0131<\/strong> etkinlikleriyle dolup ta\u015farken, vatanda\u015flar b\u00fcy\u00fck bir heyecanla kutlamalara kat\u0131ld\u0131.<\/p>\n<\/p>\n<p><\/p>\n<p><h3>Bal\u0131kesir&#8217;in Kurtulu\u015funun 103. Y\u0131l\u0131<\/h3>\n<\/p>\n<p><\/p>\n<p><p>Bal\u0131kesir&#8217;in d\u00fc\u015fman i\u015fgalinden kurtulu\u015funun 103. y\u0131l\u0131 kutlamalar\u0131 devam ediyor. Bu anlaml\u0131 g\u00fcn, \u015fehirde \u00e7e\u015fitli etkinliklerle an\u0131l\u0131yor. Kutlamalar kapsam\u0131nda d\u00fczenlenen t\u00f6renler ve etkinlikler, vatanda\u015flar taraf\u0131ndan b\u00fcy\u00fck bir ilgiyle kar\u015f\u0131land\u0131.<\/p>\n<\/p>\n<p><\/p>\n<p><h2>Yeni E\u011fitim<\/p>\n<ul>\n<li>\u00d6\u011fretim Y\u0131l\u0131na Haz\u0131rl\u0131klar S\u00fcrerken Zab\u0131ta Ekipleri Denetimleri Art\u0131rd\u0131<\/h2>\n<\/li>\n<p><\/p>\n<p><p>Yeni e\u011fitim \u00f6\u011fretim y\u0131l\u0131 \u00f6ncesinde Bal\u0131kesir Zab\u0131ta ekipleri denetimleri s\u0131kla\u015ft\u0131rd\u0131. Okullar\u0131n a\u00e7\u0131lmas\u0131yla birlikte \u00f6\u011frencilerin g\u00fcvenli\u011fi ve sa\u011fl\u0131\u011f\u0131 i\u00e7in yap\u0131lan denetimler, okul \u00e7evrelerinde ve kantinlerde yap\u0131l\u0131yor. <strong>Zab\u0131ta ekipleri<\/strong>, okul ortam\u0131n\u0131n hijyenik ve g\u00fcvenli olmas\u0131n\u0131 sa\u011flamak i\u00e7in titizlikle \u00e7al\u0131\u015f\u0131yor.<\/p>\n<\/p>\n<p><\/p>\n<p><h3>Denetimlerde Nelere Dikkat Ediliyor?<\/h3>\n<\/p>\n<p><\/p>\n<p><ul>  <\/p>\n<li>Okul \u00e7evrelerindeki g\u0131da sat\u0131\u015f yerleri kontrol ediliyor.<\/li>\n<p>  <\/p>\n<li>Okul kantinlerindeki \u00fcr\u00fcnlerin son kullanma tarihleri kontrol ediliyor.<\/li>\n<p>  <\/p>\n<li>Okul bah\u00e7elerinde g\u00fcvenlik \u00f6nlemleri al\u0131n\u0131yor.<\/li>\n<\/ul>\n<p><\/ul>\n<\/p>\n<p><\/p>\n<p><h2>Kad\u0131n Eme\u011fi \u00c7ar\u015f\u0131s\u0131 Edremit&#8217;te B\u00fcy\u00fck \u0130lgi G\u00f6rd\u00fc<\/h2>\n<\/p>\n<p><\/p>\n<p><p>Kad\u0131n Eme\u011fi \u00c7ar\u015f\u0131s\u0131, Edremit&#8217;te b\u00fcy\u00fck ilgi g\u00f6rd\u00fc. Yerel kad\u0131nlar\u0131n el eme\u011fi g\u00f6z nuru \u00fcr\u00fcnleri sergiledi\u011fi \u00e7ar\u015f\u0131, ziyaret\u00e7iler taraf\u0131ndan b\u00fcy\u00fck be\u011feni toplad\u0131. <strong>Kad\u0131n eme\u011fi<\/strong>nin \u00f6n plana \u00e7\u0131kt\u0131\u011f\u0131 bu etkinlik, Edremit&#8217;te \u00f6nemli bir fark\u0131ndal\u0131k yaratt\u0131.<\/p>\n<\/p>\n<p><\/p>\n<p><h3>\u00c7ar\u015f\u0131da Neler Sat\u0131l\u0131yor?<\/h3>\n<\/p>\n<p><\/p>\n<p><p>\u00c7ar\u015f\u0131da el yap\u0131m\u0131 tak\u0131lar, seramik \u00fcr\u00fcnler, y\u00f6resel k\u0131yafetler, el dokumas\u0131 hal\u0131lar ve daha bir\u00e7ok farkl\u0131 \u00fcr\u00fcn sergileniyor. Ziyaret\u00e7iler, hem yerel kad\u0131nlar\u0131n \u00fcr\u00fcnlerini destekliyor hem de \u00f6zg\u00fcn hediyelik e\u015fyalar bulma f\u0131rsat\u0131 yakal\u0131yor.<\/p><\/p>\n","protected":false},"excerpt":{"rendered":"<p>Bal\u0131kesir&#8217;de Zafer Bayram\u0131 Co\u015fkuyla Kutland\u0131 Bal\u0131kesir&#8216;de 30 A\u011fustos Zafer Bayram\u0131 co\u015fkuyla kutland\u0131. \u015eehir, Zafer Bayram\u0131 etkinlikleriyle dolup ta\u015farken, vatanda\u015flar b\u00fcy\u00fck bir heyecanla kutlamalara kat\u0131ld\u0131. Bal\u0131kesir&#8217;in Kurtulu\u015funun 103. Y\u0131l\u0131 Bal\u0131kesir&#8217;in d\u00fc\u015fman i\u015fgalinden kurtulu\u015funun 103. y\u0131l\u0131 kutlamalar\u0131 devam ediyor. Bu anlaml\u0131 g\u00fcn,&#8230;<\/p>\n","protected":false},"author":1,"featured_media":33626,"comment_status":"closed","ping_status":"closed","sticky":false,"template":"","format":"standard","meta":{"footnotes":""},"categories":[36],"tags":[],"class_list":["post-33625","post","type-post","status-publish","format-standard","has-post-thumbnail","hentry","category-manset"],"_links":{"self":[{"href":"http:\/\/gazetevizyon.com\/index.php?rest_route=\/wp\/v2\/posts\/33625","targetHints":{"allow":["GET"]}}],"collection":[{"href":"http:\/\/gazetevizyon.com\/index.php?rest_route=\/wp\/v2\/posts"}],"about":[{"href":"http:\/\/gazetevizyon.com\/index.php?rest_route=\/wp\/v2\/types\/post"}],"author":[{"embeddable":true,"href":"http:\/\/gazetevizyon.com\/index.php?rest_route=\/wp\/v2\/users\/1"}],"replies":[{"embeddable":true,"href":"http:\/\/gazetevizyon.com\/index.php?rest_route=%2Fwp%2Fv2%2Fcomments&post=33625"}],"version-history":[{"count":1,"href":"http:\/\/gazetevizyon.com\/index.php?rest_route=\/wp\/v2\/posts\/33625\/revisions"}],"predecessor-version":[{"id":33628,"href":"http:\/\/gazetevizyon.com\/index.php?rest_route=\/wp\/v2\/posts\/33625\/revisions\/33628"}],"wp:featuredmedia":[{"embeddable":true,"href":"http:\/\/gazetevizyon.com\/index.php?rest_route=\/wp\/v2\/media\/33626"}],"wp:attachment":[{"href":"http:\/\/gazetevizyon.com\/index.php?rest_route=%2Fwp%2Fv2%2Fmedia&parent=33625"}],"wp:term":[{"taxonomy":"category","embeddable":true,"href":"http:\/\/gazetevizyon.com\/index.php?rest_route=%2Fwp%2Fv2%2Fcategories&post=33625"},{"taxonomy":"post_tag","embeddable":true,"href":"http:\/\/gazetevizyon.com\/index.php?rest_route=%2Fwp%2Fv2%2Ftags&post=33625"}],"curies":[{"name":"wp","href":"https:\/\/api.w.org\/{rel}","templated":true}]}}