{"id":33645,"date":"2025-09-08T17:41:20","date_gmt":"2025-09-08T17:41:20","guid":{"rendered":"http:\/\/gazetevizyon.com\/?p=33645"},"modified":"2025-09-08T17:41:20","modified_gmt":"2025-09-08T17:41:20","slug":"gonende-gol-kizi-filmi-bu-aksam-seyirciyle-bulusuyor","status":"publish","type":"post","link":"http:\/\/gazetevizyon.com\/?p=33645","title":{"rendered":"G\u00f6nen&#8217;de &#8220;G\u00f6l K\u0131z\u0131&#8221; Filmi Bu Ak\u015fam Seyirciyle Bulu\u015fuyor"},"content":{"rendered":"<p>\n<h2>G\u00f6nen&#8217;de Gala Sonras\u0131 Halka A\u00e7\u0131k G\u00f6sterim<\/h2>\n<\/p>\n<p><\/p>\n<p>Senaryosunu ve y\u00f6netmenli\u011fini Raci G\u00fcndo\u011fan&#8217;\u0131n \u00fcstlendi\u011fi <strong>G\u00f6l K\u0131z\u0131 filmi<\/strong>, gala gecesinin ard\u0131ndan bu ak\u015fam G\u00f6nen&#8217;de seyirciyle bulu\u015facak. Filmin ba\u015frollerini Sultan D. Akman, Kadir Kurtbay ve S\u0131lanur Y\u00fcksel payla\u015f\u0131yor.<\/p>\n<p><\/p>\n<p><h2>Filmin Detaylar\u0131 ve G\u00f6sterim Bilgileri<\/h2>\n<\/p>\n<p><\/p>\n<p><strong>G\u00f6l K\u0131z\u0131 filmi<\/strong>, 8 Eyl\u00fcl Pazartesi ak\u015fam\u0131 G\u00f6nen Belediyesi Konferans Salonu&#8217;nda halka a\u00e7\u0131k bir g\u00f6sterimle izleyicilerle bulu\u015facak. Etkinlik, t\u00fcm halka \u00fccretsiz olarak a\u00e7\u0131k olacak.<\/p>\n<p><\/p>\n<p><h3>Oyuncu Kadrosu ve Y\u00f6netmen<\/h3>\n<\/p>\n<p><\/p>\n<p>Filmin y\u00f6netmenli\u011fini ve senaryosunu Raci G\u00fcndo\u011fan \u00fcstleniyor. Ba\u015frollerde ise tan\u0131nm\u0131\u015f oyuncular Sultan D. Akman, Kadir Kurtbay ve S\u0131lanur Y\u00fcksel yer al\u0131yor.<\/p>\n<p><\/p>\n<p><h3>G\u00f6sterim Mekan\u0131 ve Zaman\u0131<\/h3>\n<\/p>\n<p><\/p>\n<p><strong>G\u00f6nen Belediyesi Konferans Salonu<\/strong>, bu ak\u015fam <strong>G\u00f6l K\u0131z\u0131 filmi<\/strong>nin halka a\u00e7\u0131k g\u00f6sterimine ev sahipli\u011fi yapacak. G\u00f6sterim saati hen\u00fcz belirtilmedi.<\/p>\n<p><\/p>\n<p><h3>\u00dccretsiz Kat\u0131l\u0131m \u0130mkan\u0131<\/h3>\n<\/p>\n<p><\/p>\n<p>Etkinlik <strong>\u00fccretsiz<\/strong> olup, t\u00fcm halk davetlidir. Seyirciler, <strong>G\u00f6l K\u0131z\u0131 filmi<\/strong>ni bu ak\u015fam G\u00f6nen Belediyesi Konferans Salonu&#8217;nda izleme f\u0131rsat\u0131 bulacak.<\/p><\/p>\n","protected":false},"excerpt":{"rendered":"<p>G\u00f6nen&#8217;de Gala Sonras\u0131 Halka A\u00e7\u0131k G\u00f6sterim Senaryosunu ve y\u00f6netmenli\u011fini Raci G\u00fcndo\u011fan&#8217;\u0131n \u00fcstlendi\u011fi G\u00f6l K\u0131z\u0131 filmi, gala gecesinin ard\u0131ndan bu ak\u015fam G\u00f6nen&#8217;de seyirciyle bulu\u015facak. Filmin ba\u015frollerini Sultan D. Akman, Kadir Kurtbay ve S\u0131lanur Y\u00fcksel payla\u015f\u0131yor. Filmin Detaylar\u0131 ve G\u00f6sterim Bilgileri G\u00f6l&#8230;<\/p>\n","protected":false},"author":1,"featured_media":33646,"comment_status":"closed","ping_status":"closed","sticky":false,"template":"","format":"standard","meta":{"footnotes":""},"categories":[36],"tags":[],"class_list":["post-33645","post","type-post","status-publish","format-standard","has-post-thumbnail","hentry","category-manset"],"_links":{"self":[{"href":"http:\/\/gazetevizyon.com\/index.php?rest_route=\/wp\/v2\/posts\/33645","targetHints":{"allow":["GET"]}}],"collection":[{"href":"http:\/\/gazetevizyon.com\/index.php?rest_route=\/wp\/v2\/posts"}],"about":[{"href":"http:\/\/gazetevizyon.com\/index.php?rest_route=\/wp\/v2\/types\/post"}],"author":[{"embeddable":true,"href":"http:\/\/gazetevizyon.com\/index.php?rest_route=\/wp\/v2\/users\/1"}],"replies":[{"embeddable":true,"href":"http:\/\/gazetevizyon.com\/index.php?rest_route=%2Fwp%2Fv2%2Fcomments&post=33645"}],"version-history":[{"count":1,"href":"http:\/\/gazetevizyon.com\/index.php?rest_route=\/wp\/v2\/posts\/33645\/revisions"}],"predecessor-version":[{"id":33651,"href":"http:\/\/gazetevizyon.com\/index.php?rest_route=\/wp\/v2\/posts\/33645\/revisions\/33651"}],"wp:featuredmedia":[{"embeddable":true,"href":"http:\/\/gazetevizyon.com\/index.php?rest_route=\/wp\/v2\/media\/33646"}],"wp:attachment":[{"href":"http:\/\/gazetevizyon.com\/index.php?rest_route=%2Fwp%2Fv2%2Fmedia&parent=33645"}],"wp:term":[{"taxonomy":"category","embeddable":true,"href":"http:\/\/gazetevizyon.com\/index.php?rest_route=%2Fwp%2Fv2%2Fcategories&post=33645"},{"taxonomy":"post_tag","embeddable":true,"href":"http:\/\/gazetevizyon.com\/index.php?rest_route=%2Fwp%2Fv2%2Ftags&post=33645"}],"curies":[{"name":"wp","href":"https:\/\/api.w.org\/{rel}","templated":true}]}}