{"id":33654,"date":"2025-09-08T23:16:28","date_gmt":"2025-09-08T23:16:28","guid":{"rendered":"http:\/\/gazetevizyon.com\/?p=33654"},"modified":"2025-09-08T23:16:28","modified_gmt":"2025-09-08T23:16:28","slug":"altieylulde-yeni-okul-acilisiyla-egitim-ogretim-haftasi-coskuyla-kutlandi","status":"publish","type":"post","link":"http:\/\/gazetevizyon.com\/?p=33654","title":{"rendered":"Alt\u0131eyl\u00fcl&#8217;de Yeni Okul A\u00e7\u0131l\u0131\u015f\u0131yla E\u011fitim \u00d6\u011fretim Haftas\u0131 Co\u015fkuyla Kutland\u0131"},"content":{"rendered":"<p>\n<h2>Alt\u0131eyl\u00fcl&#8217;de E\u011fitim \u00d6\u011fretim Haftas\u0131 Ba\u015flad\u0131<\/h2>\n<p><\/p>\n<p><strong>Alt\u0131eyl\u00fcl<\/strong> il\u00e7esinde yap\u0131m\u0131 tamamlanan Nergiz \u0130lkokulu, E\u011fitim \u00d6\u011fretim Haftas\u0131 vesilesiyle \u00f6\u011frencilerle bulu\u015ftu. A\u00e7\u0131l\u0131\u015fla birlikte \u00f6\u011frenciler, yeni okullar\u0131nda e\u011fitimlerine ba\u015flaman\u0131n heyecan\u0131n\u0131 ya\u015fad\u0131.<\/p>\n<\/p>\n<p><\/p>\n<p><h3>Nergiz \u0130lkokulu&#8217;nda Co\u015fkulu Kar\u015f\u0131lama<\/h3>\n<p><\/p>\n<p>Yap\u0131m\u0131 tamamlanan Nergiz \u0130lkokulu&#8217;nda \u00f6\u011frenciler ve \u00f6\u011fretmenler bir araya geldi. \u00d6\u011frencilerin g\u00f6zlerindeki <strong>heyecan<\/strong> ve <strong>mutluluk<\/strong>, gelece\u011fe dair umutlar\u0131 ye\u015fertti. Okulun a\u00e7\u0131l\u0131\u015f\u0131yla birlikte e\u011fitim \u00f6\u011fretim y\u0131l\u0131 co\u015fkuyla ba\u015flad\u0131.<\/p>\n<\/p>\n<p><\/p>\n<p><h3>E\u011fitim Kalitesini Art\u0131rma \u00c7al\u0131\u015fmalar\u0131 S\u00fcr\u00fcyor<\/h3>\n<p><\/p>\n<p>Mustafa Canbey, \u00f6\u011frencilerin en iyi \u015fartlarda e\u011fitim alabilmeleri i\u00e7in \u00e7al\u0131\u015fmalar\u0131n devam etti\u011fini belirtti. E\u011fitim kalitesini art\u0131rmaya y\u00f6nelik projelerle \u00f6\u011frencilere daha iyi bir gelecek sunulmas\u0131 hedefleniyor. Bu kapsamda, okullar\u0131n fiziki \u015fartlar\u0131n\u0131n iyile\u015ftirilmesi ve \u00f6\u011fretmenlerin geli\u015fimine y\u00f6nelik desteklerin art\u0131r\u0131lmas\u0131 planlan\u0131yor.<\/p>\n<\/p>\n<p><\/p>\n<p><h3>\u00d6\u011frencilere ve \u00d6\u011fretmenlere Ba\u015far\u0131 Dilekleri<\/h3>\n<p><\/p>\n<p>Mustafa Canbey, t\u00fcm \u00f6\u011frencilere ve \u00f6\u011fretmenlere ba\u015far\u0131larla dolu bir y\u0131l diledi. Yeni e\u011fitim \u00f6\u011fretim y\u0131l\u0131nda \u00f6\u011frencilerin ba\u015far\u0131l\u0131 olmalar\u0131 ve \u00f6\u011fretmenlerin de kendilerini geli\u015ftirmeye devam etmeleri temennisinde bulundu. Bu ba\u011flamda, \u00f6\u011frencilerin <strong>e\u011fitim<\/strong> hayatlar\u0131 boyunca desteklenmesi ve \u00f6\u011fretmenlerin de mesleki geli\u015fimlerine katk\u0131 sa\u011flanmas\u0131 ama\u00e7lan\u0131yor.<\/p><\/p>\n","protected":false},"excerpt":{"rendered":"<p>Alt\u0131eyl\u00fcl&#8217;de E\u011fitim \u00d6\u011fretim Haftas\u0131 Ba\u015flad\u0131 Alt\u0131eyl\u00fcl il\u00e7esinde yap\u0131m\u0131 tamamlanan Nergiz \u0130lkokulu, E\u011fitim \u00d6\u011fretim Haftas\u0131 vesilesiyle \u00f6\u011frencilerle bulu\u015ftu. A\u00e7\u0131l\u0131\u015fla birlikte \u00f6\u011frenciler, yeni okullar\u0131nda e\u011fitimlerine ba\u015flaman\u0131n heyecan\u0131n\u0131 ya\u015fad\u0131. Nergiz \u0130lkokulu&#8217;nda Co\u015fkulu Kar\u015f\u0131lama Yap\u0131m\u0131 tamamlanan Nergiz \u0130lkokulu&#8217;nda \u00f6\u011frenciler ve \u00f6\u011fretmenler bir araya geldi&#8230;.<\/p>\n","protected":false},"author":1,"featured_media":33655,"comment_status":"closed","ping_status":"closed","sticky":false,"template":"","format":"standard","meta":{"footnotes":""},"categories":[23],"tags":[],"class_list":["post-33654","post","type-post","status-publish","format-standard","has-post-thumbnail","hentry","category-siyaset"],"_links":{"self":[{"href":"http:\/\/gazetevizyon.com\/index.php?rest_route=\/wp\/v2\/posts\/33654","targetHints":{"allow":["GET"]}}],"collection":[{"href":"http:\/\/gazetevizyon.com\/index.php?rest_route=\/wp\/v2\/posts"}],"about":[{"href":"http:\/\/gazetevizyon.com\/index.php?rest_route=\/wp\/v2\/types\/post"}],"author":[{"embeddable":true,"href":"http:\/\/gazetevizyon.com\/index.php?rest_route=\/wp\/v2\/users\/1"}],"replies":[{"embeddable":true,"href":"http:\/\/gazetevizyon.com\/index.php?rest_route=%2Fwp%2Fv2%2Fcomments&post=33654"}],"version-history":[{"count":1,"href":"http:\/\/gazetevizyon.com\/index.php?rest_route=\/wp\/v2\/posts\/33654\/revisions"}],"predecessor-version":[{"id":33657,"href":"http:\/\/gazetevizyon.com\/index.php?rest_route=\/wp\/v2\/posts\/33654\/revisions\/33657"}],"wp:featuredmedia":[{"embeddable":true,"href":"http:\/\/gazetevizyon.com\/index.php?rest_route=\/wp\/v2\/media\/33655"}],"wp:attachment":[{"href":"http:\/\/gazetevizyon.com\/index.php?rest_route=%2Fwp%2Fv2%2Fmedia&parent=33654"}],"wp:term":[{"taxonomy":"category","embeddable":true,"href":"http:\/\/gazetevizyon.com\/index.php?rest_route=%2Fwp%2Fv2%2Fcategories&post=33654"},{"taxonomy":"post_tag","embeddable":true,"href":"http:\/\/gazetevizyon.com\/index.php?rest_route=%2Fwp%2Fv2%2Ftags&post=33654"}],"curies":[{"name":"wp","href":"https:\/\/api.w.org\/{rel}","templated":true}]}}