{"id":33734,"date":"2025-09-10T18:09:39","date_gmt":"2025-09-10T18:09:39","guid":{"rendered":"http:\/\/gazetevizyon.com\/?p=33734"},"modified":"2025-09-10T18:09:39","modified_gmt":"2025-09-10T18:09:39","slug":"balikesirde-agac-alti-okumalari-etkinligi-duzenleniyor","status":"publish","type":"post","link":"http:\/\/gazetevizyon.com\/?p=33734","title":{"rendered":"Bal\u0131kesir&#8217;de A\u011fa\u00e7 Alt\u0131 Okumalar\u0131 Etkinli\u011fi D\u00fczenleniyor"},"content":{"rendered":"<p>\n<h2>Bal\u0131kesir&#8217;de \u00c7ocuklar i\u00e7in A\u011fa\u00e7 Alt\u0131 Okumalar\u0131 Etkinli\u011fi<\/h2>\n<\/p>\n<p><\/p>\n<p>Bal\u0131kesir B\u00fcy\u00fck\u015fehir Belediyesi, \u00e7ocuklar\u0131n hayal d\u00fcnyas\u0131n\u0131 geli\u015ftirmeyi ama\u00e7layan <strong>A\u011fa\u00e7 Alt\u0131 Okumalar\u0131<\/strong> etkinli\u011fini Alt\u0131eyl\u00fcl il\u00e7esinde d\u00fczenliyor. Etkinlik, kitap tutkunu \u00e7ocuklar\u0131 do\u011fayla i\u00e7 i\u00e7e bir araya getirmeyi hedefliyor.<\/p>\n<p><\/p>\n<p><h3>Do\u011fayla \u0130\u00e7 \u0130\u00e7e Hikaye Zaman\u0131<\/h3>\n<\/p>\n<p><\/p>\n<p>Bal\u0131kesir B\u00fcy\u00fck\u015fehir Belediyesi&#8217;nin organize etti\u011fi A\u011fa\u00e7 Alt\u0131 Okumalar\u0131, \u00e7ocuklara keyifli bir okuma deneyimi sunmak i\u00e7in planland\u0131. Etkinlikte, \u00e7ocuklar do\u011fan\u0131n g\u00fczellikleri aras\u0131nda yeni hikayeler ke\u015ffedecekler. <strong>A\u011fa\u00e7 Alt\u0131 Okumalar\u0131<\/strong> etkinli\u011fi, \u00e7ocuklar\u0131n kitap okuma al\u0131\u015fkanl\u0131\u011f\u0131n\u0131 desteklemeyi ve onlara unutulmaz an\u0131lar ya\u015fatmay\u0131 ama\u00e7l\u0131yor.<\/p>\n<p><\/p>\n<p><h3>Etkinlik Detaylar\u0131<\/h3>\n<\/p>\n<p><\/p>\n<p>A\u011fa\u00e7 Alt\u0131 Okumalar\u0131 etkinli\u011fi, <strong>14 Eyl\u00fcl Pazar<\/strong> g\u00fcn\u00fc saat <strong>14:00<\/strong>\u2019da <strong>Alt\u0131eyl\u00fcl Macarlar<\/strong> b\u00f6lgesinde ger\u00e7ekle\u015ftirilecek. Etkinli\u011fe kat\u0131l\u0131m \u00fccretsiz olup, t\u00fcm kitap kurdu \u00e7ocuklar\u0131 bekliyor.<\/p>\n<p><\/p>\n<p><ul>    <\/p>\n<ul>\n<li><strong>Tarih:<\/strong> 14 Eyl\u00fcl Pazar<\/li>\n<p>    <\/p>\n<li><strong>Saat:<\/strong> 14:00<\/li>\n<p>    <\/p>\n<li><strong>Yer:<\/strong> Alt\u0131eyl\u00fcl Macarlar<\/li>\n<\/ul>\n<p><\/ul>\n<\/p>\n<p><\/p>\n<p><p>Etkinlik, \u00e7ocuklar\u0131n hayal g\u00fcc\u00fcn\u00fc destekleyecek ve onlara yeni arkada\u015flar edinme f\u0131rsat\u0131 sunacak. Bal\u0131kesir B\u00fcy\u00fck\u015fehir Belediyesi, bu t\u00fcr etkinliklerle \u00e7ocuklar\u0131n sosyal ve k\u00fclt\u00fcrel geli\u015fimine katk\u0131da bulunmay\u0131 hedefliyor.<\/p><\/p>\n","protected":false},"excerpt":{"rendered":"<p>Bal\u0131kesir&#8217;de \u00c7ocuklar i\u00e7in A\u011fa\u00e7 Alt\u0131 Okumalar\u0131 Etkinli\u011fi Bal\u0131kesir B\u00fcy\u00fck\u015fehir Belediyesi, \u00e7ocuklar\u0131n hayal d\u00fcnyas\u0131n\u0131 geli\u015ftirmeyi ama\u00e7layan A\u011fa\u00e7 Alt\u0131 Okumalar\u0131 etkinli\u011fini Alt\u0131eyl\u00fcl il\u00e7esinde d\u00fczenliyor. Etkinlik, kitap tutkunu \u00e7ocuklar\u0131 do\u011fayla i\u00e7 i\u00e7e bir araya getirmeyi hedefliyor. Do\u011fayla \u0130\u00e7 \u0130\u00e7e Hikaye Zaman\u0131 Bal\u0131kesir B\u00fcy\u00fck\u015fehir&#8230;<\/p>\n","protected":false},"author":1,"featured_media":33735,"comment_status":"closed","ping_status":"closed","sticky":false,"template":"","format":"standard","meta":{"footnotes":""},"categories":[36],"tags":[],"class_list":["post-33734","post","type-post","status-publish","format-standard","has-post-thumbnail","hentry","category-manset"],"_links":{"self":[{"href":"http:\/\/gazetevizyon.com\/index.php?rest_route=\/wp\/v2\/posts\/33734","targetHints":{"allow":["GET"]}}],"collection":[{"href":"http:\/\/gazetevizyon.com\/index.php?rest_route=\/wp\/v2\/posts"}],"about":[{"href":"http:\/\/gazetevizyon.com\/index.php?rest_route=\/wp\/v2\/types\/post"}],"author":[{"embeddable":true,"href":"http:\/\/gazetevizyon.com\/index.php?rest_route=\/wp\/v2\/users\/1"}],"replies":[{"embeddable":true,"href":"http:\/\/gazetevizyon.com\/index.php?rest_route=%2Fwp%2Fv2%2Fcomments&post=33734"}],"version-history":[{"count":1,"href":"http:\/\/gazetevizyon.com\/index.php?rest_route=\/wp\/v2\/posts\/33734\/revisions"}],"predecessor-version":[{"id":33743,"href":"http:\/\/gazetevizyon.com\/index.php?rest_route=\/wp\/v2\/posts\/33734\/revisions\/33743"}],"wp:featuredmedia":[{"embeddable":true,"href":"http:\/\/gazetevizyon.com\/index.php?rest_route=\/wp\/v2\/media\/33735"}],"wp:attachment":[{"href":"http:\/\/gazetevizyon.com\/index.php?rest_route=%2Fwp%2Fv2%2Fmedia&parent=33734"}],"wp:term":[{"taxonomy":"category","embeddable":true,"href":"http:\/\/gazetevizyon.com\/index.php?rest_route=%2Fwp%2Fv2%2Fcategories&post=33734"},{"taxonomy":"post_tag","embeddable":true,"href":"http:\/\/gazetevizyon.com\/index.php?rest_route=%2Fwp%2Fv2%2Ftags&post=33734"}],"curies":[{"name":"wp","href":"https:\/\/api.w.org\/{rel}","templated":true}]}}