{"id":33740,"date":"2025-09-10T20:19:59","date_gmt":"2025-09-10T20:19:59","guid":{"rendered":"http:\/\/gazetevizyon.com\/?p=33740"},"modified":"2025-09-10T20:19:59","modified_gmt":"2025-09-10T20:19:59","slug":"karesiye-yeni-doga-park-hemsehriler-icin-bulusma-noktasi","status":"publish","type":"post","link":"http:\/\/gazetevizyon.com\/?p=33740","title":{"rendered":"Karesi&#8217;ye Yeni Do\u011fa Park: Hem\u015fehriler \u0130\u00e7in Bulu\u015fma Noktas\u0131"},"content":{"rendered":"<p>\n<h2>Karesi&#8217;ye Do\u011fayla \u0130\u00e7 \u0130\u00e7e Yeni Bir Ya\u015fam Alan\u0131 Kazand\u0131r\u0131ld\u0131<\/h2>\n<\/p>\n<p><\/p>\n<p><p><strong>Karesi<\/strong> Belediye Ba\u015fkanl\u0131\u011f\u0131 taraf\u0131ndan hayata ge\u00e7irilen Do\u011fa Park Mesire Alan\u0131, g\u00f6rkemli bir a\u00e7\u0131l\u0131\u015f t\u00f6reniyle hizmete girdi. Yeni <strong>do\u011fa park\u0131<\/strong>, \u015fehrin sakinlerine do\u011fayla i\u00e7 i\u00e7e bir ortam sunarak \u00f6nemli bir bulu\u015fma noktas\u0131 olu\u015fturuyor.<\/p>\n<\/p>\n<p><\/p>\n<p><h2>A\u00e7\u0131l\u0131\u015f T\u00f6renine Yo\u011fun \u0130lgi<\/h2>\n<\/p>\n<p><\/p>\n<p><p>A\u00e7\u0131l\u0131\u015f t\u00f6renine, belediye yetkilileri, mahalle sakinleri ve \u00e7ok say\u0131da vatanda\u015f kat\u0131ld\u0131. T\u00f6ren, <strong>Karesi<\/strong> Belediye Ba\u015fkan\u0131 Mesut Akb\u0131y\u0131k\u2019\u0131n konu\u015fmas\u0131yla ba\u015flad\u0131. Akb\u0131y\u0131k, projenin \u00f6nemine de\u011finerek, ye\u015fil ve sosyal bir Bal\u0131kesir i\u00e7in \u00e7al\u0131\u015fmalar\u0131n devam edece\u011fini vurgulad\u0131.<\/p>\n<\/p>\n<p><\/p>\n<p><h2>Do\u011fa Park&#8217;\u0131n \u00d6zellikleri ve \u0130mkanlar\u0131<\/h2>\n<\/p>\n<p><\/p>\n<p><p>Yeni <strong>mesire alan\u0131<\/strong>, geni\u015f ye\u015fil alanlar\u0131, y\u00fcr\u00fcy\u00fc\u015f parkurlar\u0131, dinlenme alanlar\u0131 ve \u00e7ocuk oyun parklar\u0131yla dikkat \u00e7ekiyor. Ayr\u0131ca, piknik yapmak isteyenler i\u00e7in de \u00f6zel alanlar bulunuyor. <strong>Do\u011fa park\u0131<\/strong>, her ya\u015ftan vatanda\u015fa hitap edecek \u015fekilde tasarland\u0131.<\/p>\n<\/p>\n<p><\/p>\n<p><h3>Ye\u015fil ve Sosyal Bal\u0131kesir Hedefi<\/h3>\n<\/p>\n<p><\/p>\n<p><p><strong>Karesi<\/strong> Belediyesi, \u015fehrin ya\u015fam kalitesini art\u0131rmak amac\u0131yla ye\u015fil alanlar\u0131n say\u0131s\u0131n\u0131 art\u0131rmaya devam ediyor. Bu kapsamda, Do\u011fa Park Mesire Alan\u0131 gibi projelerle Bal\u0131kesir&#8217;in daha ya\u015fanabilir bir \u015fehir olmas\u0131 hedefleniyor.<\/p>\n<\/p>\n<p><\/p>\n<p><h3>Ba\u015fkan Akb\u0131y\u0131k&#8217;a Te\u015fekk\u00fcr<\/h2>\n<\/p>\n<p><\/p>\n<p><p>A\u00e7\u0131l\u0131\u015f t\u00f6reninde konu\u015fan vatanda\u015flar, <strong>Belediye Ba\u015fkan\u0131 Mesut Akb\u0131y\u0131k<\/strong>\u2019a te\u015fekk\u00fcr etti. Vatanda\u015flar, projenin il\u00e7eye ve kente de\u011fer kataca\u011f\u0131n\u0131 belirttiler. Ayr\u0131ca, eme\u011fi ge\u00e7en herkese de te\u015fekk\u00fcrlerini sundular.<\/p>\n<\/p>\n<p><\/p>\n<p><ul>  <\/p>\n<ul>\n<li>Geni\u015f ye\u015fil alanlar<\/li>\n<p>  <\/p>\n<li>Y\u00fcr\u00fcy\u00fc\u015f parkurlar\u0131<\/li>\n<p>  <\/p>\n<li>Dinlenme alanlar\u0131<\/li>\n<p>  <\/p>\n<li>\u00c7ocuk oyun parklar\u0131<\/li>\n<p>  <\/p>\n<li>Piknik alanlar\u0131<\/li>\n<\/ul>\n<p><\/ul><\/p>\n","protected":false},"excerpt":{"rendered":"<p>Karesi&#8217;ye Do\u011fayla \u0130\u00e7 \u0130\u00e7e Yeni Bir Ya\u015fam Alan\u0131 Kazand\u0131r\u0131ld\u0131 Karesi Belediye Ba\u015fkanl\u0131\u011f\u0131 taraf\u0131ndan hayata ge\u00e7irilen Do\u011fa Park Mesire Alan\u0131, g\u00f6rkemli bir a\u00e7\u0131l\u0131\u015f t\u00f6reniyle hizmete girdi. Yeni do\u011fa park\u0131, \u015fehrin sakinlerine do\u011fayla i\u00e7 i\u00e7e bir ortam sunarak \u00f6nemli bir bulu\u015fma noktas\u0131&#8230;<\/p>\n","protected":false},"author":1,"featured_media":33741,"comment_status":"closed","ping_status":"closed","sticky":false,"template":"","format":"standard","meta":{"footnotes":""},"categories":[23],"tags":[],"class_list":["post-33740","post","type-post","status-publish","format-standard","has-post-thumbnail","hentry","category-siyaset"],"_links":{"self":[{"href":"http:\/\/gazetevizyon.com\/index.php?rest_route=\/wp\/v2\/posts\/33740","targetHints":{"allow":["GET"]}}],"collection":[{"href":"http:\/\/gazetevizyon.com\/index.php?rest_route=\/wp\/v2\/posts"}],"about":[{"href":"http:\/\/gazetevizyon.com\/index.php?rest_route=\/wp\/v2\/types\/post"}],"author":[{"embeddable":true,"href":"http:\/\/gazetevizyon.com\/index.php?rest_route=\/wp\/v2\/users\/1"}],"replies":[{"embeddable":true,"href":"http:\/\/gazetevizyon.com\/index.php?rest_route=%2Fwp%2Fv2%2Fcomments&post=33740"}],"version-history":[{"count":1,"href":"http:\/\/gazetevizyon.com\/index.php?rest_route=\/wp\/v2\/posts\/33740\/revisions"}],"predecessor-version":[{"id":33745,"href":"http:\/\/gazetevizyon.com\/index.php?rest_route=\/wp\/v2\/posts\/33740\/revisions\/33745"}],"wp:featuredmedia":[{"embeddable":true,"href":"http:\/\/gazetevizyon.com\/index.php?rest_route=\/wp\/v2\/media\/33741"}],"wp:attachment":[{"href":"http:\/\/gazetevizyon.com\/index.php?rest_route=%2Fwp%2Fv2%2Fmedia&parent=33740"}],"wp:term":[{"taxonomy":"category","embeddable":true,"href":"http:\/\/gazetevizyon.com\/index.php?rest_route=%2Fwp%2Fv2%2Fcategories&post=33740"},{"taxonomy":"post_tag","embeddable":true,"href":"http:\/\/gazetevizyon.com\/index.php?rest_route=%2Fwp%2Fv2%2Ftags&post=33740"}],"curies":[{"name":"wp","href":"https:\/\/api.w.org\/{rel}","templated":true}]}}