{"id":33827,"date":"2025-09-12T14:25:59","date_gmt":"2025-09-12T14:25:59","guid":{"rendered":"http:\/\/gazetevizyon.com\/?p=33827"},"modified":"2025-09-12T14:25:59","modified_gmt":"2025-09-12T14:25:59","slug":"edincikin-renkli-dunyasi-yagliboya-resim-sergisiyle-bulusuyor","status":"publish","type":"post","link":"http:\/\/gazetevizyon.com\/?p=33827","title":{"rendered":"Edincik&#8217;in Renkli D\u00fcnyas\u0131 Ya\u011fl\u0131boya Resim Sergisiyle Bulu\u015fuyor"},"content":{"rendered":"<p>\n<h2>Edincik\u2019te Sanatla Dolu Bir Eyl\u00fcl<\/h2>\n<p><\/p>\n<p>Do\u011fas\u0131, k\u00fclt\u00fcrel dokusu ve e\u015fsiz lezzetleriyle tarihin izlerini ta\u015f\u0131yan <strong>Edincik<\/strong>, sanatseverleri ya\u011fl\u0131boya resim sergisiyle bulu\u015fturmaya haz\u0131rlan\u0131yor. Sergide, de\u011ferli sanat\u00e7\u0131 Mualla Demir\u2019in eserleri yer alacak.<\/p>\n<\/p>\n<p><\/p>\n<p><h2>\u201c\u00c7ocuklu\u011fum Edincik\u201d Sergisinin Detaylar\u0131<\/h2>\n<p><\/p>\n<p><strong>Mualla Demir<\/strong>\u2019in \u201c\u00c7ocuklu\u011fum Edincik\u201d adl\u0131 ya\u011fl\u0131boya resim sergisi, <strong>17 Eyl\u00fcl 2025 \u00c7ar\u015famba<\/strong> g\u00fcn\u00fc saat 17:30\u2019da <strong>Tun\u00e7 Ba\u015faran K\u00fclt\u00fcr Merkezi<\/strong>\u2019nde a\u00e7\u0131lacak. Sergide, sanat\u00e7\u0131n\u0131n Edincik\u2019teki \u00e7ocukluk an\u0131lar\u0131ndan ilham alan eserleri sergilenecek.<\/p>\n<\/p>\n<p><\/p>\n<p><h3>Sergi Tarihi ve Ziyaret Saatleri<\/h3>\n<p><\/p>\n<p>Sanatseverler, <strong>1 Ekim 2025 \u00c7ar\u015famba<\/strong> g\u00fcn\u00fcne kadar s\u00fcrecek sergiyi ziyaret etme f\u0131rsat\u0131 bulacak. Serginin a\u00e7\u0131l\u0131\u015f g\u00fcn\u00fc ve sonras\u0131nda, ziyaret\u00e7iler <strong>Edincik<\/strong>\u2019in renkli d\u00fcnyas\u0131n\u0131 Mualla Demir\u2019in g\u00f6z\u00fcnden g\u00f6rme imkan\u0131 bulacak.<\/p>\n<\/p>\n<p><\/p>\n<p><h3>Edincik\u2019te Sanat\u0131n Yeniden Canlan\u0131\u015f\u0131<\/h3>\n<p><\/p>\n<p>Sergi, <strong>Edincik<\/strong>\u2019in k\u00fclt\u00fcrel ya\u015fam\u0131na katk\u0131da bulunmay\u0131 ve sanat\u0131n yeniden canlanmas\u0131n\u0131 sa\u011flamay\u0131 hedefliyor. <strong>Tun\u00e7 Ba\u015faran K\u00fclt\u00fcr Merkezi<\/strong>, sergi s\u00fcresince sanatseverlerin bulu\u015fma noktas\u0131 olacak. <strong>Mualla Demir<\/strong>\u2019in eserleri, <strong>Edincik<\/strong>\u2019in do\u011fal g\u00fczelliklerini ve k\u00fclt\u00fcrel zenginliklerini yans\u0131tarak ziyaret\u00e7ilere unutulmaz bir deneyim sunacak.<\/p><\/p>\n","protected":false},"excerpt":{"rendered":"<p>Edincik\u2019te Sanatla Dolu Bir Eyl\u00fcl Do\u011fas\u0131, k\u00fclt\u00fcrel dokusu ve e\u015fsiz lezzetleriyle tarihin izlerini ta\u015f\u0131yan Edincik, sanatseverleri ya\u011fl\u0131boya resim sergisiyle bulu\u015fturmaya haz\u0131rlan\u0131yor. Sergide, de\u011ferli sanat\u00e7\u0131 Mualla Demir\u2019in eserleri yer alacak. \u201c\u00c7ocuklu\u011fum Edincik\u201d Sergisinin Detaylar\u0131 Mualla Demir\u2019in \u201c\u00c7ocuklu\u011fum Edincik\u201d adl\u0131 ya\u011fl\u0131boya resim&#8230;<\/p>\n","protected":false},"author":1,"featured_media":33828,"comment_status":"closed","ping_status":"closed","sticky":false,"template":"","format":"standard","meta":{"footnotes":""},"categories":[36],"tags":[],"class_list":["post-33827","post","type-post","status-publish","format-standard","has-post-thumbnail","hentry","category-manset"],"_links":{"self":[{"href":"http:\/\/gazetevizyon.com\/index.php?rest_route=\/wp\/v2\/posts\/33827","targetHints":{"allow":["GET"]}}],"collection":[{"href":"http:\/\/gazetevizyon.com\/index.php?rest_route=\/wp\/v2\/posts"}],"about":[{"href":"http:\/\/gazetevizyon.com\/index.php?rest_route=\/wp\/v2\/types\/post"}],"author":[{"embeddable":true,"href":"http:\/\/gazetevizyon.com\/index.php?rest_route=\/wp\/v2\/users\/1"}],"replies":[{"embeddable":true,"href":"http:\/\/gazetevizyon.com\/index.php?rest_route=%2Fwp%2Fv2%2Fcomments&post=33827"}],"version-history":[{"count":1,"href":"http:\/\/gazetevizyon.com\/index.php?rest_route=\/wp\/v2\/posts\/33827\/revisions"}],"predecessor-version":[{"id":33850,"href":"http:\/\/gazetevizyon.com\/index.php?rest_route=\/wp\/v2\/posts\/33827\/revisions\/33850"}],"wp:featuredmedia":[{"embeddable":true,"href":"http:\/\/gazetevizyon.com\/index.php?rest_route=\/wp\/v2\/media\/33828"}],"wp:attachment":[{"href":"http:\/\/gazetevizyon.com\/index.php?rest_route=%2Fwp%2Fv2%2Fmedia&parent=33827"}],"wp:term":[{"taxonomy":"category","embeddable":true,"href":"http:\/\/gazetevizyon.com\/index.php?rest_route=%2Fwp%2Fv2%2Fcategories&post=33827"},{"taxonomy":"post_tag","embeddable":true,"href":"http:\/\/gazetevizyon.com\/index.php?rest_route=%2Fwp%2Fv2%2Ftags&post=33827"}],"curies":[{"name":"wp","href":"https:\/\/api.w.org\/{rel}","templated":true}]}}