{"id":33846,"date":"2025-09-12T17:24:14","date_gmt":"2025-09-12T17:24:14","guid":{"rendered":"http:\/\/gazetevizyon.com\/?p=33846"},"modified":"2025-09-12T17:24:14","modified_gmt":"2025-09-12T17:24:14","slug":"balikesir-valisi-ustaogluna-is-dunyasindan-ziyaret-2","status":"publish","type":"post","link":"http:\/\/gazetevizyon.com\/?p=33846","title":{"rendered":"Bal\u0131kesir Valisi Ustao\u011flu&#8217;na \u0130\u015f D\u00fcnyas\u0131ndan Ziyaret"},"content":{"rendered":"<p>\n<p><strong>Bal\u0131kesir Valisi \u0130smail Ustao\u011flu<\/strong>, i\u015f d\u00fcnyas\u0131ndan \u00f6nemli isimleri a\u011f\u0131rlad\u0131. Ziyarette, F\u0131rat Plastik Kau\u00e7uk San. Tic. A.\u015e. Y\u00f6netim Kurulu Ba\u015fkan Yard\u0131mc\u0131s\u0131 Havva Demir, Binbir G\u0131da Tar\u0131m \u00dcr\u00fcnleri San. Tic. A.\u015e. \u00dcretim Sorumlusu \u00c7a\u011fatay Kayac\u0131k ve \u0130\u015f \u0130nsan\u0131 Mustafa \u00d6nc\u00fc ile Roman Saha Koordinat\u00f6r\u00fc \u0130smail Arslan yer ald\u0131.<\/p>\n<\/p>\n<p><\/p>\n<p><h2>Valilik Makam\u0131nda Ger\u00e7ekle\u015fen Ziyaret<\/h2>\n<\/p>\n<p><\/p>\n<p><p>Bal\u0131kesir Valisi \u0130smail Ustao\u011flu, valilik makam\u0131nda ger\u00e7ekle\u015fen <strong>ziyarette<\/strong> i\u015f insanlar\u0131yla bir araya geldi. Ziyaretin amac\u0131 ve detaylar\u0131 hakk\u0131nda resmi bir a\u00e7\u0131klama yap\u0131lmad\u0131. Ancak, i\u015f d\u00fcnyas\u0131n\u0131n temsilcilerinin Vali Ustao\u011flu ile b\u00f6lgedeki ekonomik geli\u015fmeler ve yat\u0131r\u0131m f\u0131rsatlar\u0131 hakk\u0131nda fikir al\u0131\u015fveri\u015finde bulundu\u011fu \u00f6\u011frenildi.<\/p>\n<\/p>\n<p><\/p>\n<p><h3>Ekonomik \u0130\u015fbirli\u011fi Olas\u0131l\u0131\u011f\u0131<\/h3>\n<\/p>\n<p><\/p>\n<p><p>F\u0131rat Plastik Kau\u00e7uk San. Tic. A.\u015e., Binbir G\u0131da Tar\u0131m \u00dcr\u00fcnleri San. Tic. A.\u015e. ve Mustafa \u00d6nc\u00fc&#8217;n\u00fcn ziyareti, b\u00f6lgedeki <strong>ekonomik i\u015fbirli\u011fi<\/strong> potansiyelini art\u0131rabilece\u011fi d\u00fc\u015f\u00fcn\u00fcl\u00fcyor. \u00d6zellikle g\u0131da ve plastik sekt\u00f6rlerindeki yat\u0131r\u0131m f\u0131rsatlar\u0131n\u0131n g\u00f6r\u00fc\u015f\u00fcld\u00fc\u011f\u00fc belirtildi.<\/p>\n<\/p>\n<p><\/p>\n<p><h3>Roman Saha Koordinat\u00f6r\u00fc&#8217;n\u00fcn Rol\u00fc<\/h3>\n<\/p>\n<p><\/p>\n<p><p>Roman Saha Koordinat\u00f6r\u00fc \u0130smail Arslan&#8217;\u0131n ziyarette yer almas\u0131, b\u00f6lgedeki <strong>sosyal sorumluluk projeleri<\/strong> ve yerel kalk\u0131nma \u00e7al\u0131\u015fmalar\u0131na y\u00f6nelik olas\u0131 i\u015fbirliklerini g\u00fcndeme getirebilece\u011fi yorumlar\u0131 yap\u0131l\u0131yor. Arslan&#8217;\u0131n, b\u00f6lgedeki Roman vatanda\u015flar\u0131n\u0131n ekonomik ve sosyal geli\u015fimine katk\u0131da bulunacak projelerle ilgili g\u00f6r\u00fc\u015fmeler yapm\u0131\u015f olabilece\u011fi tahmin ediliyor.<\/p>\n<\/p>\n<p><\/p>\n<p><p>Vali Ustao\u011flu&#8217;nun, ziyaret\u00e7ileri a\u011f\u0131rlamas\u0131 ve b\u00f6lgedeki i\u015f d\u00fcnyas\u0131yla diyalog halinde olmas\u0131, Bal\u0131kesir&#8217;in ekonomik kalk\u0131nmas\u0131na olumlu katk\u0131 sa\u011flayaca\u011f\u0131 belirtiliyor. Ziyaretin, \u00f6n\u00fcm\u00fczdeki d\u00f6nemde yeni <strong>yat\u0131r\u0131mlara<\/strong> ve istihdam olanaklar\u0131na yol a\u00e7mas\u0131 bekleniyor.<\/p><\/p>\n","protected":false},"excerpt":{"rendered":"<p>Bal\u0131kesir Valisi \u0130smail Ustao\u011flu, i\u015f d\u00fcnyas\u0131ndan \u00f6nemli isimleri a\u011f\u0131rlad\u0131. Ziyarette, F\u0131rat Plastik Kau\u00e7uk San. Tic. A.\u015e. Y\u00f6netim Kurulu Ba\u015fkan Yard\u0131mc\u0131s\u0131 Havva Demir, Binbir G\u0131da Tar\u0131m \u00dcr\u00fcnleri San. Tic. A.\u015e. \u00dcretim Sorumlusu \u00c7a\u011fatay Kayac\u0131k ve \u0130\u015f \u0130nsan\u0131 Mustafa \u00d6nc\u00fc ile Roman&#8230;<\/p>\n","protected":false},"author":1,"featured_media":33847,"comment_status":"closed","ping_status":"closed","sticky":false,"template":"","format":"standard","meta":{"footnotes":""},"categories":[36],"tags":[],"class_list":["post-33846","post","type-post","status-publish","format-standard","has-post-thumbnail","hentry","category-manset"],"_links":{"self":[{"href":"http:\/\/gazetevizyon.com\/index.php?rest_route=\/wp\/v2\/posts\/33846","targetHints":{"allow":["GET"]}}],"collection":[{"href":"http:\/\/gazetevizyon.com\/index.php?rest_route=\/wp\/v2\/posts"}],"about":[{"href":"http:\/\/gazetevizyon.com\/index.php?rest_route=\/wp\/v2\/types\/post"}],"author":[{"embeddable":true,"href":"http:\/\/gazetevizyon.com\/index.php?rest_route=\/wp\/v2\/users\/1"}],"replies":[{"embeddable":true,"href":"http:\/\/gazetevizyon.com\/index.php?rest_route=%2Fwp%2Fv2%2Fcomments&post=33846"}],"version-history":[{"count":1,"href":"http:\/\/gazetevizyon.com\/index.php?rest_route=\/wp\/v2\/posts\/33846\/revisions"}],"predecessor-version":[{"id":33864,"href":"http:\/\/gazetevizyon.com\/index.php?rest_route=\/wp\/v2\/posts\/33846\/revisions\/33864"}],"wp:featuredmedia":[{"embeddable":true,"href":"http:\/\/gazetevizyon.com\/index.php?rest_route=\/wp\/v2\/media\/33847"}],"wp:attachment":[{"href":"http:\/\/gazetevizyon.com\/index.php?rest_route=%2Fwp%2Fv2%2Fmedia&parent=33846"}],"wp:term":[{"taxonomy":"category","embeddable":true,"href":"http:\/\/gazetevizyon.com\/index.php?rest_route=%2Fwp%2Fv2%2Fcategories&post=33846"},{"taxonomy":"post_tag","embeddable":true,"href":"http:\/\/gazetevizyon.com\/index.php?rest_route=%2Fwp%2Fv2%2Ftags&post=33846"}],"curies":[{"name":"wp","href":"https:\/\/api.w.org\/{rel}","templated":true}]}}