{"id":33852,"date":"2025-09-12T17:46:26","date_gmt":"2025-09-12T17:46:26","guid":{"rendered":"http:\/\/gazetevizyon.com\/?p=33852"},"modified":"2025-09-12T17:46:26","modified_gmt":"2025-09-12T17:46:26","slug":"12-eylul-darbesi-demokrasiye-karsi-mucadele-devam-ediyor","status":"publish","type":"post","link":"http:\/\/gazetevizyon.com\/?p=33852","title":{"rendered":"12 Eyl\u00fcl Darbesi: Demokrasiye Kar\u015f\u0131 M\u00fccadele Devam Ediyor"},"content":{"rendered":"<p>\n<h2>12 Eyl\u00fcl Darbesi&#8217;nin Y\u0131l D\u00f6n\u00fcm\u00fcnde Mesaj<\/h2>\n<\/p>\n<p><\/p>\n<p><p><strong>12 Eyl\u00fcl darbesi<\/strong>, T\u00fcrkiye demokrasi tarihinin en ac\u0131 olaylar\u0131ndan biri olarak an\u0131l\u0131yor. Serkan Sar\u0131, darbenin y\u0131l d\u00f6n\u00fcm\u00fc nedeniyle bir mesaj yay\u0131nlayarak, halk\u0131n iradesine kar\u015f\u0131 yap\u0131lan her t\u00fcrl\u00fc m\u00fcdahaleyi k\u0131nad\u0131.<\/p>\n<\/p>\n<p><\/p>\n<p><h3>Darbenin Etkileri ve \u00d6nemi<\/h3>\n<\/p>\n<p><\/p>\n<p><p>Sar\u0131, 12 Eyl\u00fcl darbesinin demokrasiye engel oldu\u011funu ve halk\u0131n iktidar\u0131na kar\u015f\u0131 yap\u0131ld\u0131\u011f\u0131n\u0131 vurgulad\u0131. Darbenin T\u00fcrkiye&#8217;nin siyasi ve sosyal yap\u0131s\u0131 \u00fczerinde derin etkileri oldu\u011fu belirtiliyor. Bu nedenle, darbe d\u00f6nemi ya\u015fananlar ve al\u0131nan dersler, g\u00fcn\u00fcm\u00fczde de \u00f6nemini koruyor.<\/p>\n<\/p>\n<p><\/p>\n<p><h3>Demokrasi M\u00fccadelesi Devam Ediyor<\/h3>\n<\/p>\n<p><\/p>\n<p><p>Serkan Sar\u0131, mesaj\u0131nda <strong>demokrasi m\u00fccadelesinin<\/strong> devam etti\u011fini ve halk\u0131n iradesinin her zaman korunmas\u0131 gerekti\u011fini ifade etti. Bu m\u00fccadelede kararl\u0131l\u0131k g\u00f6sterilece\u011fi ve demokrasinin g\u00fc\u00e7lendirilmesi i\u00e7in \u00e7abalara devam edilece\u011fi vurguland\u0131. <\/p>\n<\/p>\n<p><\/p>\n<p><ul>  <\/p>\n<ul>\n<li>12 Eyl\u00fcl darbesi, T\u00fcrkiye&#8217;nin demokrasi yolunda \u00f6nemli bir d\u00f6n\u00fcm noktas\u0131d\u0131r.<\/li>\n<p>  <\/p>\n<li>Halk\u0131n iradesinin korunmas\u0131, demokrasinin temel \u015fart\u0131d\u0131r.<\/li>\n<p>  <\/p>\n<li>Demokrasi m\u00fccadelesi, gelecek nesillere aktar\u0131lmas\u0131 gereken bir sorumluluktur.<\/li>\n<\/ul>\n<p><\/ul>\n<\/p>\n<p><\/p>\n<p><p>Sar\u0131, mesaj\u0131n\u0131n sonunda <strong>T\u00fcrkiye&#8217;nin demokrasiye ba\u011fl\u0131l\u0131\u011f\u0131n\u0131<\/strong> ve halk\u0131n \u00f6zg\u00fcrl\u00fcklerini savunmaya devam edece\u011fini belirtti.<\/p><\/p>\n","protected":false},"excerpt":{"rendered":"<p>12 Eyl\u00fcl Darbesi&#8217;nin Y\u0131l D\u00f6n\u00fcm\u00fcnde Mesaj 12 Eyl\u00fcl darbesi, T\u00fcrkiye demokrasi tarihinin en ac\u0131 olaylar\u0131ndan biri olarak an\u0131l\u0131yor. Serkan Sar\u0131, darbenin y\u0131l d\u00f6n\u00fcm\u00fc nedeniyle bir mesaj yay\u0131nlayarak, halk\u0131n iradesine kar\u015f\u0131 yap\u0131lan her t\u00fcrl\u00fc m\u00fcdahaleyi k\u0131nad\u0131. Darbenin Etkileri ve \u00d6nemi Sar\u0131,&#8230;<\/p>\n","protected":false},"author":1,"featured_media":33853,"comment_status":"closed","ping_status":"closed","sticky":false,"template":"","format":"standard","meta":{"footnotes":""},"categories":[23],"tags":[],"class_list":["post-33852","post","type-post","status-publish","format-standard","has-post-thumbnail","hentry","category-siyaset"],"_links":{"self":[{"href":"http:\/\/gazetevizyon.com\/index.php?rest_route=\/wp\/v2\/posts\/33852","targetHints":{"allow":["GET"]}}],"collection":[{"href":"http:\/\/gazetevizyon.com\/index.php?rest_route=\/wp\/v2\/posts"}],"about":[{"href":"http:\/\/gazetevizyon.com\/index.php?rest_route=\/wp\/v2\/types\/post"}],"author":[{"embeddable":true,"href":"http:\/\/gazetevizyon.com\/index.php?rest_route=\/wp\/v2\/users\/1"}],"replies":[{"embeddable":true,"href":"http:\/\/gazetevizyon.com\/index.php?rest_route=%2Fwp%2Fv2%2Fcomments&post=33852"}],"version-history":[{"count":1,"href":"http:\/\/gazetevizyon.com\/index.php?rest_route=\/wp\/v2\/posts\/33852\/revisions"}],"predecessor-version":[{"id":33865,"href":"http:\/\/gazetevizyon.com\/index.php?rest_route=\/wp\/v2\/posts\/33852\/revisions\/33865"}],"wp:featuredmedia":[{"embeddable":true,"href":"http:\/\/gazetevizyon.com\/index.php?rest_route=\/wp\/v2\/media\/33853"}],"wp:attachment":[{"href":"http:\/\/gazetevizyon.com\/index.php?rest_route=%2Fwp%2Fv2%2Fmedia&parent=33852"}],"wp:term":[{"taxonomy":"category","embeddable":true,"href":"http:\/\/gazetevizyon.com\/index.php?rest_route=%2Fwp%2Fv2%2Fcategories&post=33852"},{"taxonomy":"post_tag","embeddable":true,"href":"http:\/\/gazetevizyon.com\/index.php?rest_route=%2Fwp%2Fv2%2Ftags&post=33852"}],"curies":[{"name":"wp","href":"https:\/\/api.w.org\/{rel}","templated":true}]}}