{"id":33856,"date":"2025-09-12T18:03:58","date_gmt":"2025-09-12T18:03:58","guid":{"rendered":"http:\/\/gazetevizyon.com\/?p=33856"},"modified":"2025-09-12T18:03:58","modified_gmt":"2025-09-12T18:03:58","slug":"chp-balikesir-kongre-takvimi-aciklandi","status":"publish","type":"post","link":"http:\/\/gazetevizyon.com\/?p=33856","title":{"rendered":"CHP Bal\u0131kesir Kongre Takvimi A\u00e7\u0131kland\u0131"},"content":{"rendered":"<p>\n<h2>CHP Bal\u0131kesir \u0130l Kongresi \u0130\u00e7in Tarih Belli Oldu<\/h2>\n<\/p>\n<p><\/p>\n<p><p>Cumhuriyet Halk Partisi (<strong>CHP<\/strong>) <strong>Bal\u0131kesir<\/strong> \u0130l Ba\u015fkanl\u0131\u011f\u0131, il kongresi takvimini kamuoyuna duyurdu. <strong>Bal\u0131kesir<\/strong>&#8216;deki partililer ve siyasi arenay\u0131 yak\u0131ndan takip edenler, kongre s\u00fcrecinin ne zaman ba\u015flayaca\u011f\u0131n\u0131 merak ediyordu.<\/p>\n<\/p>\n<p><\/p>\n<p><h3>Kongre S\u00fcrecinin Detaylar\u0131<\/h3>\n<\/p>\n<p><\/p>\n<p><p><strong>CHP<\/strong> <strong>Bal\u0131kesir<\/strong> \u0130l Ba\u015fkanl\u0131\u011f\u0131 taraf\u0131ndan yap\u0131lan a\u00e7\u0131klamaya g\u00f6re, il kongresi takvimi a\u015fa\u011f\u0131daki \u015fekilde belirlendi:<\/p>\n<p><\/p>\n<ul>  <\/p>\n<ul>\n<li>Kongre tarihi belirlendi.<\/li>\n<p>  <\/p>\n<li>Detayl\u0131 bilgi \u00f6n\u00fcm\u00fczdeki g\u00fcnlerde payla\u015f\u0131lacak.<\/li>\n<\/ul>\n<p><\/ul>\n<\/p>\n<p><\/p>\n<p><h3>Bal\u0131kesir Siyasetinde Kongrenin \u00d6nemi<\/h3>\n<\/p>\n<p><\/p>\n<p><p><strong>Bal\u0131kesir<\/strong> siyaseti a\u00e7\u0131s\u0131ndan \u00f6nemli bir d\u00f6n\u00fcm noktas\u0131 olmas\u0131 beklenen kongre, partinin il y\u00f6netimi ve gelecekteki stratejileri a\u00e7\u0131s\u0131ndan b\u00fcy\u00fck \u00f6nem ta\u015f\u0131yor. <strong>CHP<\/strong>&#8216;nin <strong>Bal\u0131kesir<\/strong>&#8216;deki g\u00fcc\u00fcn\u00fc art\u0131rmas\u0131 ve yerel se\u00e7imlerde daha ba\u015far\u0131l\u0131 sonu\u00e7lar almas\u0131 i\u00e7in kongrenin ba\u015far\u0131l\u0131 ge\u00e7mesi hedefleniyor. <strong>Bal\u0131kesir<\/strong>&#8216;deki siyasi geli\u015fmelerin yak\u0131ndan takip edilmesi, kongre s\u00fcrecinin nas\u0131l ilerleyece\u011fi konusunda \u00f6nemli ipu\u00e7lar\u0131 verecek.<\/p><\/p>\n","protected":false},"excerpt":{"rendered":"<p>CHP Bal\u0131kesir \u0130l Kongresi \u0130\u00e7in Tarih Belli Oldu Cumhuriyet Halk Partisi (CHP) Bal\u0131kesir \u0130l Ba\u015fkanl\u0131\u011f\u0131, il kongresi takvimini kamuoyuna duyurdu. Bal\u0131kesir&#8216;deki partililer ve siyasi arenay\u0131 yak\u0131ndan takip edenler, kongre s\u00fcrecinin ne zaman ba\u015flayaca\u011f\u0131n\u0131 merak ediyordu. Kongre S\u00fcrecinin Detaylar\u0131 CHP Bal\u0131kesir&#8230;<\/p>\n","protected":false},"author":1,"featured_media":33857,"comment_status":"closed","ping_status":"closed","sticky":false,"template":"","format":"standard","meta":{"footnotes":""},"categories":[36],"tags":[],"class_list":["post-33856","post","type-post","status-publish","format-standard","has-post-thumbnail","hentry","category-manset"],"_links":{"self":[{"href":"http:\/\/gazetevizyon.com\/index.php?rest_route=\/wp\/v2\/posts\/33856","targetHints":{"allow":["GET"]}}],"collection":[{"href":"http:\/\/gazetevizyon.com\/index.php?rest_route=\/wp\/v2\/posts"}],"about":[{"href":"http:\/\/gazetevizyon.com\/index.php?rest_route=\/wp\/v2\/types\/post"}],"author":[{"embeddable":true,"href":"http:\/\/gazetevizyon.com\/index.php?rest_route=\/wp\/v2\/users\/1"}],"replies":[{"embeddable":true,"href":"http:\/\/gazetevizyon.com\/index.php?rest_route=%2Fwp%2Fv2%2Fcomments&post=33856"}],"version-history":[{"count":1,"href":"http:\/\/gazetevizyon.com\/index.php?rest_route=\/wp\/v2\/posts\/33856\/revisions"}],"predecessor-version":[{"id":33876,"href":"http:\/\/gazetevizyon.com\/index.php?rest_route=\/wp\/v2\/posts\/33856\/revisions\/33876"}],"wp:featuredmedia":[{"embeddable":true,"href":"http:\/\/gazetevizyon.com\/index.php?rest_route=\/wp\/v2\/media\/33857"}],"wp:attachment":[{"href":"http:\/\/gazetevizyon.com\/index.php?rest_route=%2Fwp%2Fv2%2Fmedia&parent=33856"}],"wp:term":[{"taxonomy":"category","embeddable":true,"href":"http:\/\/gazetevizyon.com\/index.php?rest_route=%2Fwp%2Fv2%2Fcategories&post=33856"},{"taxonomy":"post_tag","embeddable":true,"href":"http:\/\/gazetevizyon.com\/index.php?rest_route=%2Fwp%2Fv2%2Ftags&post=33856"}],"curies":[{"name":"wp","href":"https:\/\/api.w.org\/{rel}","templated":true}]}}