{"id":33883,"date":"2025-09-12T23:51:21","date_gmt":"2025-09-12T23:51:21","guid":{"rendered":"http:\/\/gazetevizyon.com\/?p=33883"},"modified":"2025-09-12T23:51:21","modified_gmt":"2025-09-12T23:51:21","slug":"milli-takim-yari-finalde-yunanistani-maglup-ederek-finale-yukseldi","status":"publish","type":"post","link":"http:\/\/gazetevizyon.com\/?p=33883","title":{"rendered":"Milli Tak\u0131m Yar\u0131 Finalde Yunanistan&#8217;\u0131 Ma\u011flup Ederek Finale Y\u00fckseldi"},"content":{"rendered":"<p>\n<h2>Milli Tak\u0131m Finale Y\u00fckseldi: Yunanistan&#8217;a Kar\u015f\u0131 Tarihi Zafer<\/h2>\n<\/p>\n<p><\/p>\n<p><p><strong>Bal\u0131kesir B\u00fcy\u00fck\u015fehir Belediyesi Ba\u015fkan\u0131 Ahmet Ak\u0131n<\/strong>&#8216;\u0131n da pozitif yakla\u015f\u0131m\u0131yla desteklenen <strong>Milli Tak\u0131m<\/strong>, yar\u0131 finalde <strong>Yunanistan<\/strong>&#8216;\u0131 ma\u011flup ederek finale y\u00fckseldi. Bu zafer, T\u00fcrkiye&#8217;ye b\u00fcy\u00fck bir gurur ya\u015fatt\u0131.<\/p>\n<\/p>\n<p><\/p>\n<p><h3>Yar\u0131 Final Ma\u00e7\u0131n\u0131n Detaylar\u0131<\/h3>\n<\/p>\n<p><\/p>\n<p><p>Yar\u0131 finalde Yunanistan ile kar\u015f\u0131la\u015fan Milli Tak\u0131m, zorlu bir m\u00fccadele sonunda rakibini ma\u011flup etmeyi ba\u015fard\u0131. Bu sonu\u00e7, <strong>12 Dev Adam<\/strong> olarak bilinen milli basketbolcular\u0131m\u0131z\u0131n tarihe ge\u00e7mesini sa\u011flad\u0131.<\/p>\n<\/p>\n<p><\/p>\n<p><h3>\u015eampiyonluk Hedefi<\/h3>\n<\/p>\n<p><\/p>\n<p><p>Milli Tak\u0131m&#8217;\u0131n finale y\u00fckselmesiyle birlikte \u015fampiyonluk co\u015fkusu T\u00fcrkiye&#8217;de giderek art\u0131yor. &#8220;Haydi T\u00fcrkiye&#8221; slogan\u0131yla desteklenen milli basketbolcular\u0131m\u0131z, \u015fampiyonluk i\u00e7in sahaya \u00e7\u0131kmaya haz\u0131rlan\u0131yor. <strong>\u015eampiyonluk<\/strong>, T\u00fcrkiye&#8217;ye \u00e7ok yak\u0131\u015facak.<\/p>\n<\/p>\n<p><\/p>\n<p><h3>Milli Tak\u0131m&#8217;\u0131n Performans\u0131<\/h3>\n<\/p>\n<p><\/p>\n<p><p>Milli Tak\u0131m, yar\u0131 finalde g\u00f6sterdi\u011fi \u00fcst\u00fcn performansla rakiplerini geride b\u0131rakmay\u0131 ba\u015fard\u0131. Bu ba\u015far\u0131, milli basketbolcular\u0131m\u0131z\u0131n \u00f6zverili \u00e7al\u0131\u015fmalar\u0131 ve tak\u0131m ruhunun bir sonucu olarak de\u011ferlendiriliyor.<\/p>\n<\/p>\n<p><\/p>\n<p><ul>  <\/p>\n<ul>\n<li>Milli Tak\u0131m, yar\u0131 finalde Yunanistan&#8217;\u0131 ma\u011flup etti.<\/li>\n<p>  <\/p>\n<li>12 Dev Adam finale y\u00fckseldi.<\/li>\n<p>  <\/p>\n<li>T\u00fcrkiye \u015fampiyonluk i\u00e7in umutla bekliyor.<\/li>\n<\/ul>\n<p><\/ul><\/p>\n","protected":false},"excerpt":{"rendered":"<p>Milli Tak\u0131m Finale Y\u00fckseldi: Yunanistan&#8217;a Kar\u015f\u0131 Tarihi Zafer Bal\u0131kesir B\u00fcy\u00fck\u015fehir Belediyesi Ba\u015fkan\u0131 Ahmet Ak\u0131n&#8216;\u0131n da pozitif yakla\u015f\u0131m\u0131yla desteklenen Milli Tak\u0131m, yar\u0131 finalde Yunanistan&#8216;\u0131 ma\u011flup ederek finale y\u00fckseldi. Bu zafer, T\u00fcrkiye&#8217;ye b\u00fcy\u00fck bir gurur ya\u015fatt\u0131. Yar\u0131 Final Ma\u00e7\u0131n\u0131n Detaylar\u0131 Yar\u0131 finalde&#8230;<\/p>\n","protected":false},"author":1,"featured_media":33884,"comment_status":"closed","ping_status":"closed","sticky":false,"template":"","format":"standard","meta":{"footnotes":""},"categories":[36],"tags":[],"class_list":["post-33883","post","type-post","status-publish","format-standard","has-post-thumbnail","hentry","category-manset"],"_links":{"self":[{"href":"http:\/\/gazetevizyon.com\/index.php?rest_route=\/wp\/v2\/posts\/33883","targetHints":{"allow":["GET"]}}],"collection":[{"href":"http:\/\/gazetevizyon.com\/index.php?rest_route=\/wp\/v2\/posts"}],"about":[{"href":"http:\/\/gazetevizyon.com\/index.php?rest_route=\/wp\/v2\/types\/post"}],"author":[{"embeddable":true,"href":"http:\/\/gazetevizyon.com\/index.php?rest_route=\/wp\/v2\/users\/1"}],"replies":[{"embeddable":true,"href":"http:\/\/gazetevizyon.com\/index.php?rest_route=%2Fwp%2Fv2%2Fcomments&post=33883"}],"version-history":[{"count":1,"href":"http:\/\/gazetevizyon.com\/index.php?rest_route=\/wp\/v2\/posts\/33883\/revisions"}],"predecessor-version":[{"id":33902,"href":"http:\/\/gazetevizyon.com\/index.php?rest_route=\/wp\/v2\/posts\/33883\/revisions\/33902"}],"wp:featuredmedia":[{"embeddable":true,"href":"http:\/\/gazetevizyon.com\/index.php?rest_route=\/wp\/v2\/media\/33884"}],"wp:attachment":[{"href":"http:\/\/gazetevizyon.com\/index.php?rest_route=%2Fwp%2Fv2%2Fmedia&parent=33883"}],"wp:term":[{"taxonomy":"category","embeddable":true,"href":"http:\/\/gazetevizyon.com\/index.php?rest_route=%2Fwp%2Fv2%2Fcategories&post=33883"},{"taxonomy":"post_tag","embeddable":true,"href":"http:\/\/gazetevizyon.com\/index.php?rest_route=%2Fwp%2Fv2%2Ftags&post=33883"}],"curies":[{"name":"wp","href":"https:\/\/api.w.org\/{rel}","templated":true}]}}