{"id":33898,"date":"2025-09-13T02:25:54","date_gmt":"2025-09-13T02:25:54","guid":{"rendered":"http:\/\/gazetevizyon.com\/?p=33898"},"modified":"2025-09-13T02:25:54","modified_gmt":"2025-09-13T02:25:54","slug":"chp-bandirmada-baba-ocagi-belgeseliyle-cumhuriyeti-anlatti","status":"publish","type":"post","link":"http:\/\/gazetevizyon.com\/?p=33898","title":{"rendered":"CHP Band\u0131rma&#8217;da &#8220;Baba Oca\u011f\u0131&#8221; Belgeseliyle Cumhuriyet&#8217;i Anlatt\u0131"},"content":{"rendered":"<p>\n<h2>CHP Band\u0131rma&#8217;da &#8220;Baba Oca\u011f\u0131&#8221; Belgeselinin Galas\u0131 Ger\u00e7ekle\u015ftirildi<\/h2>\n<\/p>\n<p><\/p>\n<p><p><strong>CHP Band\u0131rma \u0130l\u00e7e Ba\u015fkanl\u0131\u011f\u0131<\/strong> taraf\u0131ndan d\u00fczenlenen &#8220;Baba Oca\u011f\u0131&#8221; belgeselinin gala gecesi, partililerin ve hem\u015fehrilerin yo\u011fun kat\u0131l\u0131m\u0131yla ger\u00e7ekle\u015fti. Gala gecesinde, belgeselin yap\u0131m\u0131nda eme\u011fi ge\u00e7enler te\u015fekk\u00fcrle kar\u015f\u0131land\u0131.<\/p>\n<\/p>\n<p><\/p>\n<p><h3>Belgeselin \u0130\u00e7eri\u011fi ve Amac\u0131<\/h3>\n<\/p>\n<p><\/p>\n<p><p>Belgesel, Cumhuriyetimizin kurucusu B\u00fcy\u00fck \u00d6nder Mustafa Kemal Atat\u00fcrk&#8217;\u00fcn yolunda, Cumhuriyet Halk Partisi&#8217;nin k\u00f6kl\u00fc m\u00fccadelesini konu al\u0131yor. &#8220;Baba Oca\u011f\u0131&#8221; belgeseli, CHP&#8217;nin tarihini ve de\u011ferlerini gelecek nesillere aktarmay\u0131 ama\u00e7l\u0131yor.<\/p>\n<\/p>\n<p><\/p>\n<p><h3>Halk G\u00f6sterimleri Ne Zaman?<\/h3>\n<\/p>\n<p><\/p>\n<p><p>CHP Band\u0131rma \u0130l\u00e7e Ba\u015fkanl\u0131\u011f\u0131, &#8220;Baba Oca\u011f\u0131&#8221; belgeselini <strong>13<\/p>\n<ul>\n<li>14 Eyl\u00fcl<\/strong> tarihlerinde halka a\u00e7\u0131k g\u00f6sterimlerle sunacak. T\u00fcm vatanda\u015flar, bu \u00f6nemli belgeseli izlemeye davet edildi.<\/p>\n<\/li>\n<\/ul>\n<p><\/p>\n<p><h3>Belgeselin Mesaj\u0131<\/h3>\n<\/p>\n<p><\/p>\n<p><p>Belgesel gala gecesinde, Cumhuriyetimizin \u0131\u015f\u0131\u011f\u0131n\u0131n ve CHP&#8217;nin &#8220;baba oca\u011f\u0131&#8221; s\u0131cakl\u0131\u011f\u0131n\u0131n hep birlikte ya\u015fat\u0131lmas\u0131 gerekti\u011fi vurguland\u0131. CHP Band\u0131rma \u0130l\u00e7e Ba\u015fkanl\u0131\u011f\u0131, belgeselin Cumhuriyet de\u011ferlerinin korunmas\u0131na katk\u0131da bulunaca\u011f\u0131n\u0131 belirtti.<\/p><\/p>\n","protected":false},"excerpt":{"rendered":"<p>CHP Band\u0131rma&#8217;da &#8220;Baba Oca\u011f\u0131&#8221; Belgeselinin Galas\u0131 Ger\u00e7ekle\u015ftirildi CHP Band\u0131rma \u0130l\u00e7e Ba\u015fkanl\u0131\u011f\u0131 taraf\u0131ndan d\u00fczenlenen &#8220;Baba Oca\u011f\u0131&#8221; belgeselinin gala gecesi, partililerin ve hem\u015fehrilerin yo\u011fun kat\u0131l\u0131m\u0131yla ger\u00e7ekle\u015fti. Gala gecesinde, belgeselin yap\u0131m\u0131nda eme\u011fi ge\u00e7enler te\u015fekk\u00fcrle kar\u015f\u0131land\u0131. Belgeselin \u0130\u00e7eri\u011fi ve Amac\u0131 Belgesel, Cumhuriyetimizin kurucusu B\u00fcy\u00fck&#8230;<\/p>\n","protected":false},"author":1,"featured_media":33899,"comment_status":"closed","ping_status":"closed","sticky":false,"template":"","format":"standard","meta":{"footnotes":""},"categories":[23],"tags":[],"class_list":["post-33898","post","type-post","status-publish","format-standard","has-post-thumbnail","hentry","category-siyaset"],"_links":{"self":[{"href":"http:\/\/gazetevizyon.com\/index.php?rest_route=\/wp\/v2\/posts\/33898","targetHints":{"allow":["GET"]}}],"collection":[{"href":"http:\/\/gazetevizyon.com\/index.php?rest_route=\/wp\/v2\/posts"}],"about":[{"href":"http:\/\/gazetevizyon.com\/index.php?rest_route=\/wp\/v2\/types\/post"}],"author":[{"embeddable":true,"href":"http:\/\/gazetevizyon.com\/index.php?rest_route=\/wp\/v2\/users\/1"}],"replies":[{"embeddable":true,"href":"http:\/\/gazetevizyon.com\/index.php?rest_route=%2Fwp%2Fv2%2Fcomments&post=33898"}],"version-history":[{"count":1,"href":"http:\/\/gazetevizyon.com\/index.php?rest_route=\/wp\/v2\/posts\/33898\/revisions"}],"predecessor-version":[{"id":33904,"href":"http:\/\/gazetevizyon.com\/index.php?rest_route=\/wp\/v2\/posts\/33898\/revisions\/33904"}],"wp:featuredmedia":[{"embeddable":true,"href":"http:\/\/gazetevizyon.com\/index.php?rest_route=\/wp\/v2\/media\/33899"}],"wp:attachment":[{"href":"http:\/\/gazetevizyon.com\/index.php?rest_route=%2Fwp%2Fv2%2Fmedia&parent=33898"}],"wp:term":[{"taxonomy":"category","embeddable":true,"href":"http:\/\/gazetevizyon.com\/index.php?rest_route=%2Fwp%2Fv2%2Fcategories&post=33898"},{"taxonomy":"post_tag","embeddable":true,"href":"http:\/\/gazetevizyon.com\/index.php?rest_route=%2Fwp%2Fv2%2Ftags&post=33898"}],"curies":[{"name":"wp","href":"https:\/\/api.w.org\/{rel}","templated":true}]}}