{"id":33931,"date":"2025-09-13T17:24:02","date_gmt":"2025-09-13T17:24:02","guid":{"rendered":"http:\/\/gazetevizyon.com\/?p=33931"},"modified":"2025-09-13T17:24:02","modified_gmt":"2025-09-13T17:24:02","slug":"chp-balikesirden-ankarada-kayyima-ve-darbeye-hayir-mitingi-cagrisi","status":"publish","type":"post","link":"http:\/\/gazetevizyon.com\/?p=33931","title":{"rendered":"CHP Bal\u0131kesir&#8217;den Ankara&#8217;da &#8220;Kayy\u0131ma ve Darbeye Hay\u0131r&#8221; Mitingi \u00c7a\u011fr\u0131s\u0131"},"content":{"rendered":"<p>\n<h2>CHP Bal\u0131kesir \u0130l Ba\u015fkanl\u0131\u011f\u0131&#8217;ndan Siyasi \u00c7a\u011fr\u0131<\/h2>\n<p><\/p>\n<p>Cumhuriyet Halk Partisi (CHP) Bal\u0131kesir \u0130l Ba\u015fkanl\u0131\u011f\u0131, 14 Eyl\u00fcl Pazar g\u00fcn\u00fc Ankara&#8217;da d\u00fczenlenecek olan mitinge t\u00fcm vatanda\u015flar\u0131 davet etti. Parti yetkilileri, &#8220;sadece millete g\u00fcvendiklerini ve inand\u0131klar\u0131n\u0131&#8221; vurgulayarak, iktidara y\u00f6nelik ele\u015ftirilerini dile getirdi.<\/p>\n<\/p>\n<p><\/p>\n<p><h3>Mitingin Amac\u0131 ve Mesajlar\u0131<\/h3>\n<p><\/p>\n<p>CHP Bal\u0131kesir \u0130l Ba\u015fkanl\u0131\u011f\u0131 taraf\u0131ndan yap\u0131lan a\u00e7\u0131klamada, &#8220;Vesayet De\u011fil Siyaset&#8221; ve &#8220;Kayy\u0131ma Darbeye Hay\u0131r&#8221; sloganlar\u0131 \u00f6ne \u00e7\u0131kar\u0131ld\u0131. <strong>Miting, 14 Eyl\u00fcl Pazar g\u00fcn\u00fc saat 17:00&#8217;de Ankara Tando\u011fan Meydan\u0131&#8217;nda ger\u00e7ekle\u015ftirilecek.<\/strong> Parti, &#8220;soka\u011fa \u00e7\u0131kamayan, pazara inemeyen, tarlaya giremeyen k\u00f6hnemi\u015f bir iktidar\u0131n son \u00e7\u0131rp\u0131n\u0131\u015flar\u0131na teslim olunmayaca\u011f\u0131n\u0131&#8221; ifade etti.<\/p>\n<\/p>\n<p><\/p>\n<p><h3>Kat\u0131l\u0131m \u00c7a\u011fr\u0131s\u0131 ve Hedefler<\/h3>\n<p><\/p>\n<p>CHP, t\u00fcm Ankaral\u0131lar\u0131 ve destek\u00e7ilerini mitinge kat\u0131lmaya davet ederek, demokratik haklar ve siyasi \u00f6zg\u00fcrl\u00fckler vurgusu yapt\u0131. Etkinlik, mevcut iktidar politikalar\u0131na kar\u015f\u0131 bir protesto niteli\u011fi ta\u015f\u0131yor. Parti, halk\u0131n kat\u0131l\u0131m\u0131yla g\u00fc\u00e7l\u00fc bir mesaj vermeyi ama\u00e7l\u0131yor.<\/p>\n<\/p>\n<p><\/p>\n<p><ul><\/p>\n<ul>\n<li><strong>Tarih:<\/strong> 14 Eyl\u00fcl Pazar<\/li>\n<p><\/p>\n<li><strong>Saat:<\/strong> 17:00<\/li>\n<p><\/p>\n<li><strong>Yer:<\/strong> Tando\u011fan Meydan\u0131, Ankara<\/li>\n<p><\/p>\n<li><strong>Ana Temalar:<\/strong> Vesayet kar\u015f\u0131tl\u0131\u011f\u0131, kayy\u0131m ve darbe ele\u015ftirisi<\/li>\n<\/ul>\n<p><\/ul>\n<\/p>\n<p><\/p>\n<p><p>CHP&#8217;nin bu \u00e7a\u011fr\u0131s\u0131, siyasi arenada ya\u015fanan gerilimlere ve demokrasi taleplerine odaklan\u0131yor. Miting, T\u00fcrkiye&#8217;nin g\u00fcncel siyasi g\u00fcndeminde \u00f6nemli bir yer tutacak gibi g\u00f6r\u00fcn\u00fcyor.<\/p><\/p>\n","protected":false},"excerpt":{"rendered":"<p>CHP Bal\u0131kesir \u0130l Ba\u015fkanl\u0131\u011f\u0131&#8217;ndan Siyasi \u00c7a\u011fr\u0131 Cumhuriyet Halk Partisi (CHP) Bal\u0131kesir \u0130l Ba\u015fkanl\u0131\u011f\u0131, 14 Eyl\u00fcl Pazar g\u00fcn\u00fc Ankara&#8217;da d\u00fczenlenecek olan mitinge t\u00fcm vatanda\u015flar\u0131 davet etti. Parti yetkilileri, &#8220;sadece millete g\u00fcvendiklerini ve inand\u0131klar\u0131n\u0131&#8221; vurgulayarak, iktidara y\u00f6nelik ele\u015ftirilerini dile getirdi. Mitingin Amac\u0131&#8230;<\/p>\n","protected":false},"author":1,"featured_media":33932,"comment_status":"closed","ping_status":"closed","sticky":false,"template":"","format":"standard","meta":{"footnotes":""},"categories":[23],"tags":[],"class_list":["post-33931","post","type-post","status-publish","format-standard","has-post-thumbnail","hentry","category-siyaset"],"_links":{"self":[{"href":"http:\/\/gazetevizyon.com\/index.php?rest_route=\/wp\/v2\/posts\/33931","targetHints":{"allow":["GET"]}}],"collection":[{"href":"http:\/\/gazetevizyon.com\/index.php?rest_route=\/wp\/v2\/posts"}],"about":[{"href":"http:\/\/gazetevizyon.com\/index.php?rest_route=\/wp\/v2\/types\/post"}],"author":[{"embeddable":true,"href":"http:\/\/gazetevizyon.com\/index.php?rest_route=\/wp\/v2\/users\/1"}],"replies":[{"embeddable":true,"href":"http:\/\/gazetevizyon.com\/index.php?rest_route=%2Fwp%2Fv2%2Fcomments&post=33931"}],"version-history":[{"count":1,"href":"http:\/\/gazetevizyon.com\/index.php?rest_route=\/wp\/v2\/posts\/33931\/revisions"}],"predecessor-version":[{"id":33946,"href":"http:\/\/gazetevizyon.com\/index.php?rest_route=\/wp\/v2\/posts\/33931\/revisions\/33946"}],"wp:featuredmedia":[{"embeddable":true,"href":"http:\/\/gazetevizyon.com\/index.php?rest_route=\/wp\/v2\/media\/33932"}],"wp:attachment":[{"href":"http:\/\/gazetevizyon.com\/index.php?rest_route=%2Fwp%2Fv2%2Fmedia&parent=33931"}],"wp:term":[{"taxonomy":"category","embeddable":true,"href":"http:\/\/gazetevizyon.com\/index.php?rest_route=%2Fwp%2Fv2%2Fcategories&post=33931"},{"taxonomy":"post_tag","embeddable":true,"href":"http:\/\/gazetevizyon.com\/index.php?rest_route=%2Fwp%2Fv2%2Ftags&post=33931"}],"curies":[{"name":"wp","href":"https:\/\/api.w.org\/{rel}","templated":true}]}}