{"id":33951,"date":"2025-09-14T02:24:10","date_gmt":"2025-09-14T02:24:10","guid":{"rendered":"http:\/\/gazetevizyon.com\/?p=33951"},"modified":"2025-09-14T02:24:10","modified_gmt":"2025-09-14T02:24:10","slug":"tbmmde-calisilan-ozlem-ve-ozanin-mutlu-gunu","status":"publish","type":"post","link":"http:\/\/gazetevizyon.com\/?p=33951","title":{"rendered":"TBMM&#8217;de \u00c7al\u0131\u015f\u0131lan \u00d6zlem ve Ozan&#8217;\u0131n Mutlu G\u00fcn\u00fc"},"content":{"rendered":"<p>\n<h2>TBMM&#8217;de Bir D\u00fc\u011f\u00fcn Heyecan\u0131<\/h2>\n<\/p>\n<p><\/p>\n<p>TBMM&#8217;de birlikte \u00e7al\u0131\u015ft\u0131\u011f\u0131 de\u011ferli yol arkada\u015f\u0131 <strong>\u00d6zlem<\/strong> ve <strong>Ozan<\/strong> Sar\u0131\u2019n\u0131n d\u00fc\u011f\u00fcn g\u00fcn\u00fcnde Serkan Sar\u0131, gen\u00e7 \u00e7ifte destek olmak i\u00e7in d\u00fc\u011f\u00fcnlerine kat\u0131ld\u0131. Bu \u00f6zel g\u00fcnde Serkan Sar\u0131, gen\u00e7 \u00e7iftin mutlulu\u011funu payla\u015ft\u0131.<\/p>\n<p><\/p>\n<p><h3>Gen\u00e7 \u00c7ifte Tebrik<\/h3>\n<\/p>\n<p><\/p>\n<p>Serkan Sar\u0131, \u00d6zlem ve Ozan\u2019\u0131n hayatlar\u0131n\u0131n en mutlu g\u00fcn\u00fcnde yanlar\u0131nda oldu\u011funu belirterek, onlara sa\u011fl\u0131k, huzur ve mutluluk dolu bir ya\u015fam diledi. <strong>Bu \u00f6nemli g\u00fcnde<\/strong> gen\u00e7 \u00e7ifti ve ailelerini g\u00f6n\u00fclden tebrik etti.<\/p>\n<p><\/p>\n<p><h3>D\u00fc\u011f\u00fcn Detaylar\u0131<\/h3>\n<\/p>\n<p><\/p>\n<p>D\u00fc\u011f\u00fcn, TBMM&#8217;de \u00e7al\u0131\u015fanlar\u0131n kat\u0131l\u0131m\u0131yla ger\u00e7ekle\u015fti. Serkan Sar\u0131, gen\u00e7 \u00e7iftin bu \u00f6zel g\u00fcn\u00fcndeki heyecan\u0131n\u0131 ve mutlulu\u011funu payla\u015ft\u0131. <\/p>\n<p><\/p>\n<p><ul>    <\/p>\n<ul>\n<li>Serkan Sar\u0131, \u00d6zlem ve Ozan&#8217;\u0131n birlikte \u00e7\u0131kt\u0131klar\u0131 bu yeni yolda onlara ba\u015far\u0131lar diledi.<\/li>\n<p>    <\/p>\n<li>D\u00fc\u011f\u00fcn, TBMM \u00e7al\u0131\u015fanlar\u0131 aras\u0131nda samimi bir atmosferde ge\u00e7ti.<\/li>\n<\/ul>\n<p><\/ul>\n<\/p>\n<p><\/p>\n<p><strong>\u00d6nemli bilgi<\/strong> Serkan Sar\u0131, \u00d6zlem ve Ozan\u2019\u0131n bu \u00f6zel g\u00fcn\u00fcnde onlara destek olmak i\u00e7in d\u00fc\u011f\u00fcnlerine kat\u0131larak, gen\u00e7 \u00e7iftin mutlulu\u011funu payla\u015ft\u0131.<\/p><\/p>\n","protected":false},"excerpt":{"rendered":"<p>TBMM&#8217;de Bir D\u00fc\u011f\u00fcn Heyecan\u0131 TBMM&#8217;de birlikte \u00e7al\u0131\u015ft\u0131\u011f\u0131 de\u011ferli yol arkada\u015f\u0131 \u00d6zlem ve Ozan Sar\u0131\u2019n\u0131n d\u00fc\u011f\u00fcn g\u00fcn\u00fcnde Serkan Sar\u0131, gen\u00e7 \u00e7ifte destek olmak i\u00e7in d\u00fc\u011f\u00fcnlerine kat\u0131ld\u0131. Bu \u00f6zel g\u00fcnde Serkan Sar\u0131, gen\u00e7 \u00e7iftin mutlulu\u011funu payla\u015ft\u0131. Gen\u00e7 \u00c7ifte Tebrik Serkan Sar\u0131, \u00d6zlem&#8230;<\/p>\n","protected":false},"author":1,"featured_media":33952,"comment_status":"closed","ping_status":"closed","sticky":false,"template":"","format":"standard","meta":{"footnotes":""},"categories":[23],"tags":[],"class_list":["post-33951","post","type-post","status-publish","format-standard","has-post-thumbnail","hentry","category-siyaset"],"_links":{"self":[{"href":"http:\/\/gazetevizyon.com\/index.php?rest_route=\/wp\/v2\/posts\/33951","targetHints":{"allow":["GET"]}}],"collection":[{"href":"http:\/\/gazetevizyon.com\/index.php?rest_route=\/wp\/v2\/posts"}],"about":[{"href":"http:\/\/gazetevizyon.com\/index.php?rest_route=\/wp\/v2\/types\/post"}],"author":[{"embeddable":true,"href":"http:\/\/gazetevizyon.com\/index.php?rest_route=\/wp\/v2\/users\/1"}],"replies":[{"embeddable":true,"href":"http:\/\/gazetevizyon.com\/index.php?rest_route=%2Fwp%2Fv2%2Fcomments&post=33951"}],"version-history":[{"count":1,"href":"http:\/\/gazetevizyon.com\/index.php?rest_route=\/wp\/v2\/posts\/33951\/revisions"}],"predecessor-version":[{"id":33958,"href":"http:\/\/gazetevizyon.com\/index.php?rest_route=\/wp\/v2\/posts\/33951\/revisions\/33958"}],"wp:featuredmedia":[{"embeddable":true,"href":"http:\/\/gazetevizyon.com\/index.php?rest_route=\/wp\/v2\/media\/33952"}],"wp:attachment":[{"href":"http:\/\/gazetevizyon.com\/index.php?rest_route=%2Fwp%2Fv2%2Fmedia&parent=33951"}],"wp:term":[{"taxonomy":"category","embeddable":true,"href":"http:\/\/gazetevizyon.com\/index.php?rest_route=%2Fwp%2Fv2%2Fcategories&post=33951"},{"taxonomy":"post_tag","embeddable":true,"href":"http:\/\/gazetevizyon.com\/index.php?rest_route=%2Fwp%2Fv2%2Ftags&post=33951"}],"curies":[{"name":"wp","href":"https:\/\/api.w.org\/{rel}","templated":true}]}}