{"id":33955,"date":"2025-09-14T02:22:30","date_gmt":"2025-09-14T02:22:30","guid":{"rendered":"http:\/\/gazetevizyon.com\/?p=33955"},"modified":"2025-09-14T02:22:30","modified_gmt":"2025-09-14T02:22:30","slug":"marmara-adalar-belediyesi-baskani-aydin-dincer-bir-cifte-nikah-kiyadi","status":"publish","type":"post","link":"http:\/\/gazetevizyon.com\/?p=33955","title":{"rendered":"Marmara Adalar Belediyesi Ba\u015fkan\u0131 Ayd\u0131n Din\u00e7er, Bir \u00c7ifte Nikah K\u0131yad\u0131"},"content":{"rendered":"<p>\n<h2>Marmara Adalar&#8217;da Evlilik Sevinci<\/h2>\n<\/p>\n<p><\/p>\n<p>Marmara Adalar Belediyesi Ba\u015fkan\u0131 <strong>Ayd\u0131n Din\u00e7er<\/strong>, Saraylar Mahallesi&#8217;nde Merve Cansu Canbaz ve Yakup Dal \u00e7iftinin nikah akdini ger\u00e7ekle\u015ftirdi. Bu anlaml\u0131 t\u00f6ren, b\u00f6lgede evlilik sezonunun ba\u015flamas\u0131yla birlikte dikkat \u00e7ekti.<\/p>\n<p><\/p>\n<p><h3>Nikah T\u00f6renine Kat\u0131l\u0131m<\/h3>\n<\/p>\n<p><\/p>\n<p>Belediye Ba\u015fkan\u0131 Din\u00e7er\u2019in k\u0131yd\u0131\u011f\u0131 nikah t\u00f6renine, \u00e7iftin yak\u0131nlar\u0131 ve dostlar\u0131 kat\u0131ld\u0131. \u00c7iftin mutlulu\u011fu, Saraylar Mahallesi&#8217;nde yank\u0131land\u0131.<\/p>\n<p><\/p>\n<p><h3>\u00c7ifte Mutluluk Dilekleri<\/h3>\n<\/p>\n<p><\/p>\n<p>Belediye Ba\u015fkan\u0131 <strong>Ayd\u0131n Din\u00e7er<\/strong>, Merve Cansu Canbaz ve Yakup Dal \u00e7iftine bir \u00f6m\u00fcr boyu mutluluk diledi. \u00c7iftin yeni hayatlar\u0131nda sa\u011fl\u0131k ve huzur i\u00e7inde ya\u015famalar\u0131n\u0131 temenni etti.<\/p>\n<p><\/p>\n<p><h3>Belediye Deste\u011fi Evliliklere Devam Ediyor<\/h3>\n<\/p>\n<p><\/p>\n<p>Marmara Adalar Belediyesi, vatanda\u015flar\u0131n\u0131n \u00f6zel g\u00fcnlerinde yanlar\u0131nda olmaya devam ediyor. Nikah t\u00f6renleri ve di\u011fer etkinliklerle belediye, toplumun birlikteli\u011fini g\u00fc\u00e7lendirmeyi ama\u00e7l\u0131yor.<\/p>\n<p><\/p>\n<p><ul>  <\/p>\n<ul>\n<li>Belediye Ba\u015fkan\u0131 Din\u00e7er, evliliklerin \u00f6nemine vurgu yapt\u0131.<\/li>\n<p>  <\/p>\n<li>\u00c7iftin mutlulu\u011fu, b\u00f6lgede co\u015fkuyla kar\u015f\u0131land\u0131.<\/li>\n<\/ul>\n<p><\/ul><\/p>\n","protected":false},"excerpt":{"rendered":"<p>Marmara Adalar&#8217;da Evlilik Sevinci Marmara Adalar Belediyesi Ba\u015fkan\u0131 Ayd\u0131n Din\u00e7er, Saraylar Mahallesi&#8217;nde Merve Cansu Canbaz ve Yakup Dal \u00e7iftinin nikah akdini ger\u00e7ekle\u015ftirdi. Bu anlaml\u0131 t\u00f6ren, b\u00f6lgede evlilik sezonunun ba\u015flamas\u0131yla birlikte dikkat \u00e7ekti. Nikah T\u00f6renine Kat\u0131l\u0131m Belediye Ba\u015fkan\u0131 Din\u00e7er\u2019in k\u0131yd\u0131\u011f\u0131 nikah&#8230;<\/p>\n","protected":false},"author":1,"featured_media":33956,"comment_status":"closed","ping_status":"closed","sticky":false,"template":"","format":"standard","meta":{"footnotes":""},"categories":[36],"tags":[],"class_list":["post-33955","post","type-post","status-publish","format-standard","has-post-thumbnail","hentry","category-manset"],"_links":{"self":[{"href":"http:\/\/gazetevizyon.com\/index.php?rest_route=\/wp\/v2\/posts\/33955","targetHints":{"allow":["GET"]}}],"collection":[{"href":"http:\/\/gazetevizyon.com\/index.php?rest_route=\/wp\/v2\/posts"}],"about":[{"href":"http:\/\/gazetevizyon.com\/index.php?rest_route=\/wp\/v2\/types\/post"}],"author":[{"embeddable":true,"href":"http:\/\/gazetevizyon.com\/index.php?rest_route=\/wp\/v2\/users\/1"}],"replies":[{"embeddable":true,"href":"http:\/\/gazetevizyon.com\/index.php?rest_route=%2Fwp%2Fv2%2Fcomments&post=33955"}],"version-history":[{"count":1,"href":"http:\/\/gazetevizyon.com\/index.php?rest_route=\/wp\/v2\/posts\/33955\/revisions"}],"predecessor-version":[{"id":33957,"href":"http:\/\/gazetevizyon.com\/index.php?rest_route=\/wp\/v2\/posts\/33955\/revisions\/33957"}],"wp:featuredmedia":[{"embeddable":true,"href":"http:\/\/gazetevizyon.com\/index.php?rest_route=\/wp\/v2\/media\/33956"}],"wp:attachment":[{"href":"http:\/\/gazetevizyon.com\/index.php?rest_route=%2Fwp%2Fv2%2Fmedia&parent=33955"}],"wp:term":[{"taxonomy":"category","embeddable":true,"href":"http:\/\/gazetevizyon.com\/index.php?rest_route=%2Fwp%2Fv2%2Fcategories&post=33955"},{"taxonomy":"post_tag","embeddable":true,"href":"http:\/\/gazetevizyon.com\/index.php?rest_route=%2Fwp%2Fv2%2Ftags&post=33955"}],"curies":[{"name":"wp","href":"https:\/\/api.w.org\/{rel}","templated":true}]}}