{"id":33984,"date":"2025-09-15T02:25:57","date_gmt":"2025-09-15T02:25:57","guid":{"rendered":"http:\/\/gazetevizyon.com\/?p=33984"},"modified":"2025-09-15T02:25:57","modified_gmt":"2025-09-15T02:25:57","slug":"bandirmada-milli-takim-coskusu-cumhuriyet-meydani-tek-yurek-oldu","status":"publish","type":"post","link":"http:\/\/gazetevizyon.com\/?p=33984","title":{"rendered":"Band\u0131rma&#8217;da Milli Tak\u0131m Co\u015fkusu: Cumhuriyet Meydan\u0131 Tek Y\u00fcrek Oldu"},"content":{"rendered":"<p>\n<h2>Band\u0131rma&#8217;da Milli Tak\u0131m Final Heyecan\u0131<\/h2>\n<\/p>\n<p><\/p>\n<p>Band\u0131rma Cumhuriyet Meydan\u0131, milli tak\u0131m\u0131m\u0131z\u0131n tarihi final m\u00fccadelesinde tek y\u00fcrek oldu. <strong>Band\u0131rma Belediyesi<\/strong> taraf\u0131ndan organize edilen etkinlikte, vatanda\u015flar meydan\u0131 doldurarak tak\u0131mlar\u0131n\u0131 destekledi.<\/p>\n<p><\/p>\n<p><h3>Cumhuriyet Meydan\u0131&#8217;nda Destek<\/h3>\n<\/p>\n<p><\/p>\n<p>Meydanda kurulan dev ekranlar arac\u0131l\u0131\u011f\u0131yla final ma\u00e7\u0131 canl\u0131 olarak yay\u0131nland\u0131. Ma\u00e7 boyunca vatanda\u015flar, tak\u0131mlar\u0131na destek vermek i\u00e7in sloganlar att\u0131 ve tezah\u00fcratlar yapt\u0131. <strong>Band\u0131rma Belediyesi<\/strong> yetkilileri, etkinli\u011fin amac\u0131n\u0131n milli tak\u0131ma destek vermek ve birlik beraberlik ruhunu peki\u015ftirmek oldu\u011funu belirtti.<\/p>\n<p><\/p>\n<p><h3>Vatanda\u015flar\u0131n Co\u015fkulu Kat\u0131l\u0131m\u0131<\/h3>\n<\/p>\n<p><\/p>\n<p>Etkinli\u011fe aileler, gen\u00e7ler ve ya\u015fl\u0131lar olmak \u00fczere her kesimden vatanda\u015f kat\u0131ld\u0131. \u00d6zellikle gen\u00e7lerin yo\u011fun ilgisi dikkat \u00e7ekti. <strong>Band\u0131rma Belediyesi<\/strong> taraf\u0131ndan meydanda \u00fccretsiz ikramlar da yap\u0131ld\u0131.<\/p>\n<p><\/p>\n<p><h3>Birlik Beraberlik Vurgusu<\/h3>\n<\/p>\n<p><\/p>\n<p><strong>Band\u0131rma Belediyesi<\/strong> taraf\u0131ndan organize edilen etkinlikte konu\u015fan yetkililer, milli tak\u0131m\u0131n ba\u015far\u0131s\u0131n\u0131n t\u00fcm T\u00fcrkiye&#8217;ye gurur verdi\u011fini ve bu co\u015fkunun birlik beraberlik ruhunu g\u00fc\u00e7lendirdi\u011fini vurgulad\u0131. Etkinlikte ayr\u0131ca, milli tak\u0131m\u0131n oyuncular\u0131n\u0131n foto\u011fraflar\u0131 ve ba\u015far\u0131lar\u0131 sergilendi.<\/p><\/p>\n","protected":false},"excerpt":{"rendered":"<p>Band\u0131rma&#8217;da Milli Tak\u0131m Final Heyecan\u0131 Band\u0131rma Cumhuriyet Meydan\u0131, milli tak\u0131m\u0131m\u0131z\u0131n tarihi final m\u00fccadelesinde tek y\u00fcrek oldu. Band\u0131rma Belediyesi taraf\u0131ndan organize edilen etkinlikte, vatanda\u015flar meydan\u0131 doldurarak tak\u0131mlar\u0131n\u0131 destekledi. Cumhuriyet Meydan\u0131&#8217;nda Destek Meydanda kurulan dev ekranlar arac\u0131l\u0131\u011f\u0131yla final ma\u00e7\u0131 canl\u0131 olarak yay\u0131nland\u0131&#8230;.<\/p>\n","protected":false},"author":1,"featured_media":33985,"comment_status":"closed","ping_status":"closed","sticky":false,"template":"","format":"standard","meta":{"footnotes":""},"categories":[36],"tags":[],"class_list":["post-33984","post","type-post","status-publish","format-standard","has-post-thumbnail","hentry","category-manset"],"_links":{"self":[{"href":"http:\/\/gazetevizyon.com\/index.php?rest_route=\/wp\/v2\/posts\/33984","targetHints":{"allow":["GET"]}}],"collection":[{"href":"http:\/\/gazetevizyon.com\/index.php?rest_route=\/wp\/v2\/posts"}],"about":[{"href":"http:\/\/gazetevizyon.com\/index.php?rest_route=\/wp\/v2\/types\/post"}],"author":[{"embeddable":true,"href":"http:\/\/gazetevizyon.com\/index.php?rest_route=\/wp\/v2\/users\/1"}],"replies":[{"embeddable":true,"href":"http:\/\/gazetevizyon.com\/index.php?rest_route=%2Fwp%2Fv2%2Fcomments&post=33984"}],"version-history":[{"count":1,"href":"http:\/\/gazetevizyon.com\/index.php?rest_route=\/wp\/v2\/posts\/33984\/revisions"}],"predecessor-version":[{"id":33990,"href":"http:\/\/gazetevizyon.com\/index.php?rest_route=\/wp\/v2\/posts\/33984\/revisions\/33990"}],"wp:featuredmedia":[{"embeddable":true,"href":"http:\/\/gazetevizyon.com\/index.php?rest_route=\/wp\/v2\/media\/33985"}],"wp:attachment":[{"href":"http:\/\/gazetevizyon.com\/index.php?rest_route=%2Fwp%2Fv2%2Fmedia&parent=33984"}],"wp:term":[{"taxonomy":"category","embeddable":true,"href":"http:\/\/gazetevizyon.com\/index.php?rest_route=%2Fwp%2Fv2%2Fcategories&post=33984"},{"taxonomy":"post_tag","embeddable":true,"href":"http:\/\/gazetevizyon.com\/index.php?rest_route=%2Fwp%2Fv2%2Ftags&post=33984"}],"curies":[{"name":"wp","href":"https:\/\/api.w.org\/{rel}","templated":true}]}}