{"id":34050,"date":"2025-09-16T11:24:06","date_gmt":"2025-09-16T11:24:06","guid":{"rendered":"http:\/\/gazetevizyon.com\/?p=34050"},"modified":"2025-09-16T11:24:06","modified_gmt":"2025-09-16T11:24:06","slug":"gonende-engelliler-icin-yeni-bina-insaati-devam-ediyor","status":"publish","type":"post","link":"http:\/\/gazetevizyon.com\/?p=34050","title":{"rendered":"G\u00f6nen&#8217;de Engelliler \u0130\u00e7in Yeni Bina \u0130n\u015faat\u0131 Devam Ediyor"},"content":{"rendered":"<p>\n<h2>G\u00f6nen&#8217;de Engellilere Y\u00f6nelik Yeni Bina \u0130n\u015faat\u0131 Ba\u015flad\u0131<\/h2>\n<\/p>\n<p><\/p>\n<p><strong>G\u00f6nen<\/strong> il\u00e7esinin Cumhuriyet Meydan\u0131&#8217;nda, engelli vatanda\u015flar\u0131n ihtiya\u00e7lar\u0131n\u0131 kar\u015f\u0131lamak amac\u0131yla yeni bir bina in\u015faat\u0131 ba\u015flad\u0131. \u0130n\u015faat \u00e7al\u0131\u015fmalar\u0131 t\u00fcm h\u0131z\u0131yla devam ediyor.<\/p>\n<p><\/p>\n<p><h3>Engelli Vatanda\u015flar \u0130\u00e7in Kapsaml\u0131 \u0130mkanlar Sunulacak<\/h3>\n<\/p>\n<p><\/p>\n<p>Yeni in\u015fa edilecek binada, <strong>engelli tuvaletleri<\/strong> ve <strong>bak\u0131m odas\u0131<\/strong> gibi \u00f6nemli hizmetler sunulacak. Bu sayede engelli vatanda\u015flar\u0131n g\u00fcnl\u00fck ya\u015famlar\u0131n\u0131 daha kolay ve konforlu bir \u015fekilde s\u00fcrd\u00fcrebilmeleri hedefleniyor.<\/p>\n<p><\/p>\n<p><h3>\u0130n\u015faat S\u00fcreci Hakk\u0131nda Bilgiler<\/h3>\n<\/p>\n<p><\/p>\n<p>Cumhuriyet Meydan\u0131&#8217;nda ba\u015flat\u0131lan in\u015faat \u00e7al\u0131\u015fmalar\u0131, engelli vatanda\u015flar\u0131n eri\u015fimine uygun bir \u015fekilde tasarlan\u0131yor. Proje, engelli bireylerin <strong>ihtiya\u00e7lar\u0131<\/strong> g\u00f6z \u00f6n\u00fcnde bulundurularak haz\u0131rland\u0131.<\/p>\n<p><\/p>\n<p><h3>Projenin Amac\u0131 ve Kapsam\u0131<\/h3>\n<\/p>\n<p><\/p>\n<p>Bu proje ile engelli vatanda\u015flara daha iyi hizmet sunulmas\u0131 ve onlar\u0131n <strong>sosyal ya\u015fam<\/strong> standartlar\u0131n\u0131n y\u00fckseltilmesi ama\u00e7lan\u0131yor. Binada yer alacak olan:<\/p>\n<p><\/p>\n<p><ul>  <\/p>\n<ul>\n<li>Bay ve bayan engelli tuvaletleri<\/li>\n<p>  <\/p>\n<li>Engelli bak\u0131m odas\u0131<\/li>\n<\/ul>\n<p><\/ul>\n<p>gibi olanaklar, engelli vatanda\u015flar\u0131n konforu i\u00e7in tasarland\u0131.<\/p>\n<p><\/p>\n<p><h3>Engellilere Y\u00f6nelik Hizmetler Art\u0131yor<\/h3>\n<\/p>\n<p><\/p>\n<p>G\u00f6nen Belediyesi, engelli vatanda\u015flara y\u00f6nelik hizmetleri art\u0131rmak i\u00e7in \u00e7e\u015fitli \u00e7al\u0131\u015fmalar y\u00fcr\u00fct\u00fcyor. Yeni bina in\u015faat\u0131 da bu \u00e7al\u0131\u015fmalar\u0131n bir par\u00e7as\u0131 olarak dikkat \u00e7ekiyor.<\/p><\/p>\n","protected":false},"excerpt":{"rendered":"<p>G\u00f6nen&#8217;de Engellilere Y\u00f6nelik Yeni Bina \u0130n\u015faat\u0131 Ba\u015flad\u0131 G\u00f6nen il\u00e7esinin Cumhuriyet Meydan\u0131&#8217;nda, engelli vatanda\u015flar\u0131n ihtiya\u00e7lar\u0131n\u0131 kar\u015f\u0131lamak amac\u0131yla yeni bir bina in\u015faat\u0131 ba\u015flad\u0131. \u0130n\u015faat \u00e7al\u0131\u015fmalar\u0131 t\u00fcm h\u0131z\u0131yla devam ediyor. Engelli Vatanda\u015flar \u0130\u00e7in Kapsaml\u0131 \u0130mkanlar Sunulacak Yeni in\u015fa edilecek binada, engelli tuvaletleri ve&#8230;<\/p>\n","protected":false},"author":1,"featured_media":34051,"comment_status":"closed","ping_status":"closed","sticky":false,"template":"","format":"standard","meta":{"footnotes":""},"categories":[36],"tags":[],"class_list":["post-34050","post","type-post","status-publish","format-standard","has-post-thumbnail","hentry","category-manset"],"_links":{"self":[{"href":"http:\/\/gazetevizyon.com\/index.php?rest_route=\/wp\/v2\/posts\/34050","targetHints":{"allow":["GET"]}}],"collection":[{"href":"http:\/\/gazetevizyon.com\/index.php?rest_route=\/wp\/v2\/posts"}],"about":[{"href":"http:\/\/gazetevizyon.com\/index.php?rest_route=\/wp\/v2\/types\/post"}],"author":[{"embeddable":true,"href":"http:\/\/gazetevizyon.com\/index.php?rest_route=\/wp\/v2\/users\/1"}],"replies":[{"embeddable":true,"href":"http:\/\/gazetevizyon.com\/index.php?rest_route=%2Fwp%2Fv2%2Fcomments&post=34050"}],"version-history":[{"count":1,"href":"http:\/\/gazetevizyon.com\/index.php?rest_route=\/wp\/v2\/posts\/34050\/revisions"}],"predecessor-version":[{"id":34057,"href":"http:\/\/gazetevizyon.com\/index.php?rest_route=\/wp\/v2\/posts\/34050\/revisions\/34057"}],"wp:featuredmedia":[{"embeddable":true,"href":"http:\/\/gazetevizyon.com\/index.php?rest_route=\/wp\/v2\/media\/34051"}],"wp:attachment":[{"href":"http:\/\/gazetevizyon.com\/index.php?rest_route=%2Fwp%2Fv2%2Fmedia&parent=34050"}],"wp:term":[{"taxonomy":"category","embeddable":true,"href":"http:\/\/gazetevizyon.com\/index.php?rest_route=%2Fwp%2Fv2%2Fcategories&post=34050"},{"taxonomy":"post_tag","embeddable":true,"href":"http:\/\/gazetevizyon.com\/index.php?rest_route=%2Fwp%2Fv2%2Ftags&post=34050"}],"curies":[{"name":"wp","href":"https:\/\/api.w.org\/{rel}","templated":true}]}}