{"id":34082,"date":"2025-09-16T20:41:30","date_gmt":"2025-09-16T20:41:30","guid":{"rendered":"http:\/\/gazetevizyon.com\/?p=34082"},"modified":"2025-09-16T20:41:30","modified_gmt":"2025-09-16T20:41:30","slug":"balikesire-yeni-egitim-yuvasi-ted-balikesir-koleji-acildi","status":"publish","type":"post","link":"http:\/\/gazetevizyon.com\/?p=34082","title":{"rendered":"Bal\u0131kesir&#8217;e Yeni E\u011fitim Yuvas\u0131: TED Bal\u0131kesir Koleji A\u00e7\u0131ld\u0131"},"content":{"rendered":"<p>\n<h2>Bal\u0131kesir&#8217;de E\u011fitim Sevinci<\/h2>\n<\/p>\n<p><\/p>\n<p>Bal\u0131kesir&#8217;de e\u011fitim kalitesini y\u00fckseltmeye y\u00f6nelik yeni bir ad\u0131m at\u0131ld\u0131. \u00dclkemizin k\u00f6kl\u00fc e\u011fitim kurumlar\u0131ndan T\u00fcrk E\u011fitim Derne\u011fi (TED) taraf\u0131ndan in\u015fa edilen <strong>TED Bal\u0131kesir Koleji<\/strong> g\u00f6rkemli bir t\u00f6renle a\u00e7\u0131ld\u0131. A\u00e7\u0131l\u0131\u015f t\u00f6reninde Bal\u0131kesir B\u00fcy\u00fck\u015fehir Belediyesi Ba\u015fkan\u0131 Ahmet Ak\u0131n, hem\u015fehrileriyle bir araya geldi.<\/p>\n<p><\/p>\n<p><h3>Nitelikli E\u011fitim Hedefi<\/h3>\n<\/p>\n<p><\/p>\n<p>Bal\u0131kesir B\u00fcy\u00fck\u015fehir Belediyesi Ba\u015fkan\u0131 Ahmet Ak\u0131n, a\u00e7\u0131l\u0131\u015f t\u00f6reninde yapt\u0131\u011f\u0131 konu\u015fmada, <strong>\u00e7ocuklar\u0131n daha nitelikli bir e\u011fitim almas\u0131<\/strong> ve gelece\u011fe daha g\u00fc\u00e7l\u00fc ad\u0131mlarla haz\u0131rlanmas\u0131n\u0131n \u00f6nemine vurgu yapt\u0131. Ak\u0131n, bu t\u00fcr yat\u0131r\u0131mlar\u0131n \u015fehrin e\u011fitim seviyesini y\u00fckseltece\u011fini ve gen\u00e7lerin gelece\u011fine katk\u0131 sa\u011flayaca\u011f\u0131n\u0131 belirtti.<\/p>\n<p><\/p>\n<p><h3>TED Bal\u0131kesir Koleji&#8217;nin \u00d6nemi<\/h3>\n<\/p>\n<p><\/p>\n<p>T\u00fcrk E\u011fitim Derne\u011fi taraf\u0131ndan Bal\u0131kesir&#8217;e kazand\u0131r\u0131lan <strong>TED Bal\u0131kesir Koleji<\/strong>, modern e\u011fitim anlay\u0131\u015f\u0131yla donat\u0131lm\u0131\u015f bir e\u011fitim yuvas\u0131 olarak dikkat \u00e7ekiyor. Kolej, \u00f6\u011frencilerine geni\u015f kapsaml\u0131 e\u011fitim olanaklar\u0131 sunarak, onlar\u0131n akademik ba\u015far\u0131lar\u0131n\u0131 desteklemeyi ve ki\u015fisel geli\u015fimlerine katk\u0131da bulunmay\u0131 hedefliyor.<\/p>\n<p><\/p>\n<p><h3>Gelece\u011fe Y\u00f6nelik Ad\u0131mlar<\/h3>\n<\/p>\n<p><\/p>\n<p>Ahmet Ak\u0131n, <strong>Bal\u0131kesir&#8217;e evlatlar\u0131m\u0131za hay\u0131rl\u0131 olsun<\/strong> diyerek, yeni kolejin \u015fehrin e\u011fitimine \u00f6nemli katk\u0131lar sa\u011flayaca\u011f\u0131n\u0131 ifade etti. Kolej, \u00f6\u011frencilerine;<\/p>\n<p><\/p>\n<p><ul>  <\/p>\n<ul>\n<li>Modern laboratuvarlar<\/li>\n<p>  <\/p>\n<li>Geni\u015f k\u00fct\u00fcphane olanaklar\u0131<\/li>\n<p>  <\/p>\n<li>Tecr\u00fcbeli \u00f6\u011fretmen kadrosu<\/li>\n<p>  <\/p>\n<li>\u00c7e\u015fitli sosyal ve k\u00fclt\u00fcrel etkinlikler<\/li>\n<\/ul>\n<p><\/ul>\n<\/p>\n<p><\/p>\n<p>sunarak, onlar\u0131n donan\u0131ml\u0131 bireyler olarak yeti\u015fmelerine katk\u0131 sa\u011flayacak.<\/p><\/p>\n","protected":false},"excerpt":{"rendered":"<p>Bal\u0131kesir&#8217;de E\u011fitim Sevinci Bal\u0131kesir&#8217;de e\u011fitim kalitesini y\u00fckseltmeye y\u00f6nelik yeni bir ad\u0131m at\u0131ld\u0131. \u00dclkemizin k\u00f6kl\u00fc e\u011fitim kurumlar\u0131ndan T\u00fcrk E\u011fitim Derne\u011fi (TED) taraf\u0131ndan in\u015fa edilen TED Bal\u0131kesir Koleji g\u00f6rkemli bir t\u00f6renle a\u00e7\u0131ld\u0131. A\u00e7\u0131l\u0131\u015f t\u00f6reninde Bal\u0131kesir B\u00fcy\u00fck\u015fehir Belediyesi Ba\u015fkan\u0131 Ahmet Ak\u0131n, hem\u015fehrileriyle bir&#8230;<\/p>\n","protected":false},"author":1,"featured_media":34083,"comment_status":"closed","ping_status":"closed","sticky":false,"template":"","format":"standard","meta":{"footnotes":""},"categories":[36],"tags":[],"class_list":["post-34082","post","type-post","status-publish","format-standard","has-post-thumbnail","hentry","category-manset"],"_links":{"self":[{"href":"http:\/\/gazetevizyon.com\/index.php?rest_route=\/wp\/v2\/posts\/34082","targetHints":{"allow":["GET"]}}],"collection":[{"href":"http:\/\/gazetevizyon.com\/index.php?rest_route=\/wp\/v2\/posts"}],"about":[{"href":"http:\/\/gazetevizyon.com\/index.php?rest_route=\/wp\/v2\/types\/post"}],"author":[{"embeddable":true,"href":"http:\/\/gazetevizyon.com\/index.php?rest_route=\/wp\/v2\/users\/1"}],"replies":[{"embeddable":true,"href":"http:\/\/gazetevizyon.com\/index.php?rest_route=%2Fwp%2Fv2%2Fcomments&post=34082"}],"version-history":[{"count":1,"href":"http:\/\/gazetevizyon.com\/index.php?rest_route=\/wp\/v2\/posts\/34082\/revisions"}],"predecessor-version":[{"id":34103,"href":"http:\/\/gazetevizyon.com\/index.php?rest_route=\/wp\/v2\/posts\/34082\/revisions\/34103"}],"wp:featuredmedia":[{"embeddable":true,"href":"http:\/\/gazetevizyon.com\/index.php?rest_route=\/wp\/v2\/media\/34083"}],"wp:attachment":[{"href":"http:\/\/gazetevizyon.com\/index.php?rest_route=%2Fwp%2Fv2%2Fmedia&parent=34082"}],"wp:term":[{"taxonomy":"category","embeddable":true,"href":"http:\/\/gazetevizyon.com\/index.php?rest_route=%2Fwp%2Fv2%2Fcategories&post=34082"},{"taxonomy":"post_tag","embeddable":true,"href":"http:\/\/gazetevizyon.com\/index.php?rest_route=%2Fwp%2Fv2%2Ftags&post=34082"}],"curies":[{"name":"wp","href":"https:\/\/api.w.org\/{rel}","templated":true}]}}