{"id":34099,"date":"2025-09-16T23:27:01","date_gmt":"2025-09-16T23:27:01","guid":{"rendered":"http:\/\/gazetevizyon.com\/?p=34099"},"modified":"2025-09-16T23:27:01","modified_gmt":"2025-09-16T23:27:01","slug":"balikesir-valisi-ustaoglu-karesi-fen-lisesi-insaatini-inceledi","status":"publish","type":"post","link":"http:\/\/gazetevizyon.com\/?p=34099","title":{"rendered":"Bal\u0131kesir Valisi Ustao\u011flu, Karesi Fen Lisesi \u0130n\u015faat\u0131n\u0131 \u0130nceledi"},"content":{"rendered":"<p>\n<h2>Bal\u0131kesir Valili\u011fi&#8217;nden Karesi Fen Lisesi \u0130n\u015faat Alan\u0131 Ziyareti<\/h2>\n<\/p>\n<p><\/p>\n<p>Bal\u0131kesir Valisi \u0130smail Ustao\u011flu, yap\u0131m\u0131 devam eden <strong>Karesi Fen Lisesi<\/strong> in\u015faat alan\u0131n\u0131 ziyaret ederek \u00e7al\u0131\u015fmalar\u0131 yerinde inceledi. Ziyaret, okulun yap\u0131m s\u00fcrecindeki ilerlemeyi de\u011ferlendirmek ve gerekli koordinasyonu sa\u011flamak amac\u0131yla ger\u00e7ekle\u015ftirildi.<\/p>\n<p><\/p>\n<p><h3>\u0130n\u015faat \u00c7al\u0131\u015fmalar\u0131nda Son Durum<\/h3>\n<\/p>\n<p><\/p>\n<p>Vali Ustao\u011flu, in\u015faat alan\u0131nda yetkililerden bilgi ald\u0131 ve devam eden <strong>in\u015faat<\/strong> \u00e7al\u0131\u015fmalar\u0131n\u0131 yak\u0131ndan takip etti. Ziyaret s\u0131ras\u0131nda, okulun modern e\u011fitim ortamlar\u0131na kavu\u015fturulmas\u0131 i\u00e7in yap\u0131lan \u00e7al\u0131\u015fmalar hakk\u0131nda detayl\u0131 bilgiler sunuldu. <strong>Okulun, b\u00f6lgedeki e\u011fitim kalitesine \u00f6nemli katk\u0131lar sa\u011flayaca\u011f\u0131<\/strong> vurguland\u0131.<\/p>\n<p><\/p>\n<p><h3>Vali Ustao\u011flu&#8217;nun \u0130ncelemeleri<\/h3>\n<\/p>\n<p><\/p>\n<p>Vali Ustao\u011flu, incelemeleri s\u0131ras\u0131nda okulun planlanan e\u011fitim kapasitesi, laboratuvarlar ve di\u011fer e\u011fitim alanlar\u0131 hakk\u0131nda bilgi ald\u0131. Ayr\u0131ca, in\u015faat\u0131n belirlenen takvime uygun olarak ilerledi\u011fi ve gerekli \u00f6nlemlerin al\u0131nd\u0131\u011f\u0131 belirtildi. <strong>Vali Ustao\u011flu, okulun en k\u0131sa s\u00fcrede tamamlanarak \u00f6\u011frencilerin hizmetine sunulmas\u0131n\u0131 istedi.<\/strong><\/p>\n<p><\/p>\n<p><h3>E\u011fitim Yat\u0131r\u0131mlar\u0131na Devam<\/h3>\n<\/p>\n<p><\/p>\n<p>Bal\u0131kesir Valili\u011fi, e\u011fitim alan\u0131ndaki yat\u0131r\u0131mlar\u0131na devam ediyor. Karesi Fen Lisesi in\u015faat\u0131, bu yat\u0131r\u0131mlar\u0131n \u00f6nemli bir par\u00e7as\u0131 olarak \u00f6ne \u00e7\u0131k\u0131yor. <strong>Valilik, e\u011fitim kalitesini art\u0131rmak ve \u00f6\u011frencilere daha iyi imkanlar sunmak amac\u0131yla \u00e7e\u015fitli projeler y\u00fcr\u00fct\u00fcyor.<\/strong><\/p>\n<p><\/p>\n<p><ul>  <\/p>\n<ul>\n<li>Karesi Fen Lisesi in\u015faat\u0131 devam ediyor.<\/li>\n<p>  <\/p>\n<li>Vali Ustao\u011flu, in\u015faat alan\u0131n\u0131 ziyaret ederek \u00e7al\u0131\u015fmalar\u0131 inceledi.<\/li>\n<p>  <\/p>\n<li>Okulun en k\u0131sa s\u00fcrede tamamlanmas\u0131 hedefleniyor.<\/li>\n<\/ul>\n<p><\/ul><\/p>\n","protected":false},"excerpt":{"rendered":"<p>Bal\u0131kesir Valili\u011fi&#8217;nden Karesi Fen Lisesi \u0130n\u015faat Alan\u0131 Ziyareti Bal\u0131kesir Valisi \u0130smail Ustao\u011flu, yap\u0131m\u0131 devam eden Karesi Fen Lisesi in\u015faat alan\u0131n\u0131 ziyaret ederek \u00e7al\u0131\u015fmalar\u0131 yerinde inceledi. Ziyaret, okulun yap\u0131m s\u00fcrecindeki ilerlemeyi de\u011ferlendirmek ve gerekli koordinasyonu sa\u011flamak amac\u0131yla ger\u00e7ekle\u015ftirildi. \u0130n\u015faat \u00c7al\u0131\u015fmalar\u0131nda Son&#8230;<\/p>\n","protected":false},"author":1,"featured_media":34100,"comment_status":"closed","ping_status":"closed","sticky":false,"template":"","format":"standard","meta":{"footnotes":""},"categories":[36],"tags":[],"class_list":["post-34099","post","type-post","status-publish","format-standard","has-post-thumbnail","hentry","category-manset"],"_links":{"self":[{"href":"http:\/\/gazetevizyon.com\/index.php?rest_route=\/wp\/v2\/posts\/34099","targetHints":{"allow":["GET"]}}],"collection":[{"href":"http:\/\/gazetevizyon.com\/index.php?rest_route=\/wp\/v2\/posts"}],"about":[{"href":"http:\/\/gazetevizyon.com\/index.php?rest_route=\/wp\/v2\/types\/post"}],"author":[{"embeddable":true,"href":"http:\/\/gazetevizyon.com\/index.php?rest_route=\/wp\/v2\/users\/1"}],"replies":[{"embeddable":true,"href":"http:\/\/gazetevizyon.com\/index.php?rest_route=%2Fwp%2Fv2%2Fcomments&post=34099"}],"version-history":[{"count":1,"href":"http:\/\/gazetevizyon.com\/index.php?rest_route=\/wp\/v2\/posts\/34099\/revisions"}],"predecessor-version":[{"id":34107,"href":"http:\/\/gazetevizyon.com\/index.php?rest_route=\/wp\/v2\/posts\/34099\/revisions\/34107"}],"wp:featuredmedia":[{"embeddable":true,"href":"http:\/\/gazetevizyon.com\/index.php?rest_route=\/wp\/v2\/media\/34100"}],"wp:attachment":[{"href":"http:\/\/gazetevizyon.com\/index.php?rest_route=%2Fwp%2Fv2%2Fmedia&parent=34099"}],"wp:term":[{"taxonomy":"category","embeddable":true,"href":"http:\/\/gazetevizyon.com\/index.php?rest_route=%2Fwp%2Fv2%2Fcategories&post=34099"},{"taxonomy":"post_tag","embeddable":true,"href":"http:\/\/gazetevizyon.com\/index.php?rest_route=%2Fwp%2Fv2%2Ftags&post=34099"}],"curies":[{"name":"wp","href":"https:\/\/api.w.org\/{rel}","templated":true}]}}