{"id":34101,"date":"2025-09-16T23:26:28","date_gmt":"2025-09-16T23:26:28","guid":{"rendered":"http:\/\/gazetevizyon.com\/?p=34101"},"modified":"2025-09-16T23:26:28","modified_gmt":"2025-09-16T23:26:28","slug":"chp-balikesir-il-baskanligi-kongre-takvimi-guncellendi","status":"publish","type":"post","link":"http:\/\/gazetevizyon.com\/?p=34101","title":{"rendered":"CHP Bal\u0131kesir \u0130l Ba\u015fkanl\u0131\u011f\u0131 Kongre Takvimi G\u00fcncellendi"},"content":{"rendered":"<p>\n<h2>CHP Bal\u0131kesir \u0130l Ba\u015fkanl\u0131\u011f\u0131&#8217;ndan Kongre A\u00e7\u0131klamas\u0131<\/h2>\n<p><\/p>\n<p><strong>CHP Bal\u0131kesir \u0130l Ba\u015fkanl\u0131\u011f\u0131<\/strong>, kongre takviminin g\u00fcncellendi\u011fini duyurdu. Yap\u0131lan a\u00e7\u0131klamada, partinin \u00f6rg\u00fctlenme faaliyetlerine ili\u015fkin \u00f6nemli bir geli\u015fme ya\u015fand\u0131\u011f\u0131 belirtildi.<\/p>\n<\/p>\n<p><\/p>\n<p><h3>G\u00fcncellenen Kongre Takvimi Hakk\u0131nda<\/h3>\n<p><\/p>\n<p>CHP Bal\u0131kesir \u0130l Ba\u015fkanl\u0131\u011f\u0131 taraf\u0131ndan yap\u0131lan duyuruda, kongre takviminin g\u00fcncellenerek \u00f6rg\u00fct \u00e7al\u0131\u015fmalar\u0131na h\u0131z verildi\u011fi ifade edildi. Bu g\u00fcncelleme ile partinin Bal\u0131kesir te\u015fkilat\u0131nda yeni bir d\u00f6nemin ba\u015flayaca\u011f\u0131 vurguland\u0131.<\/p>\n<\/p>\n<p><\/p>\n<p><h3>Partiye Hay\u0131rl\u0131 Olsun Dilekleri<\/h3>\n<p><\/p>\n<p>Kongre takviminin g\u00fcncellenmesiyle ilgili olarak CHP Bal\u0131kesir \u0130l Ba\u015fkanl\u0131\u011f\u0131, \u00f6rg\u00fctlerine ve partilerine hay\u0131rl\u0131 olsun dileklerini iletti. Bu geli\u015fmenin, partinin Bal\u0131kesir&#8217;deki g\u00fcc\u00fcn\u00fc daha da art\u0131raca\u011f\u0131 beklentisi dile getirildi.<\/p><\/p>\n","protected":false},"excerpt":{"rendered":"<p>CHP Bal\u0131kesir \u0130l Ba\u015fkanl\u0131\u011f\u0131&#8217;ndan Kongre A\u00e7\u0131klamas\u0131 CHP Bal\u0131kesir \u0130l Ba\u015fkanl\u0131\u011f\u0131, kongre takviminin g\u00fcncellendi\u011fini duyurdu. Yap\u0131lan a\u00e7\u0131klamada, partinin \u00f6rg\u00fctlenme faaliyetlerine ili\u015fkin \u00f6nemli bir geli\u015fme ya\u015fand\u0131\u011f\u0131 belirtildi. G\u00fcncellenen Kongre Takvimi Hakk\u0131nda CHP Bal\u0131kesir \u0130l Ba\u015fkanl\u0131\u011f\u0131 taraf\u0131ndan yap\u0131lan duyuruda, kongre takviminin g\u00fcncellenerek \u00f6rg\u00fct&#8230;<\/p>\n","protected":false},"author":1,"featured_media":34102,"comment_status":"closed","ping_status":"closed","sticky":false,"template":"","format":"standard","meta":{"footnotes":""},"categories":[23],"tags":[],"class_list":["post-34101","post","type-post","status-publish","format-standard","has-post-thumbnail","hentry","category-siyaset"],"_links":{"self":[{"href":"http:\/\/gazetevizyon.com\/index.php?rest_route=\/wp\/v2\/posts\/34101","targetHints":{"allow":["GET"]}}],"collection":[{"href":"http:\/\/gazetevizyon.com\/index.php?rest_route=\/wp\/v2\/posts"}],"about":[{"href":"http:\/\/gazetevizyon.com\/index.php?rest_route=\/wp\/v2\/types\/post"}],"author":[{"embeddable":true,"href":"http:\/\/gazetevizyon.com\/index.php?rest_route=\/wp\/v2\/users\/1"}],"replies":[{"embeddable":true,"href":"http:\/\/gazetevizyon.com\/index.php?rest_route=%2Fwp%2Fv2%2Fcomments&post=34101"}],"version-history":[{"count":1,"href":"http:\/\/gazetevizyon.com\/index.php?rest_route=\/wp\/v2\/posts\/34101\/revisions"}],"predecessor-version":[{"id":34106,"href":"http:\/\/gazetevizyon.com\/index.php?rest_route=\/wp\/v2\/posts\/34101\/revisions\/34106"}],"wp:featuredmedia":[{"embeddable":true,"href":"http:\/\/gazetevizyon.com\/index.php?rest_route=\/wp\/v2\/media\/34102"}],"wp:attachment":[{"href":"http:\/\/gazetevizyon.com\/index.php?rest_route=%2Fwp%2Fv2%2Fmedia&parent=34101"}],"wp:term":[{"taxonomy":"category","embeddable":true,"href":"http:\/\/gazetevizyon.com\/index.php?rest_route=%2Fwp%2Fv2%2Fcategories&post=34101"},{"taxonomy":"post_tag","embeddable":true,"href":"http:\/\/gazetevizyon.com\/index.php?rest_route=%2Fwp%2Fv2%2Ftags&post=34101"}],"curies":[{"name":"wp","href":"https:\/\/api.w.org\/{rel}","templated":true}]}}