{"id":34186,"date":"2025-09-18T14:45:26","date_gmt":"2025-09-18T14:45:26","guid":{"rendered":"http:\/\/gazetevizyon.com\/?p=34186"},"modified":"2025-09-18T14:45:26","modified_gmt":"2025-09-18T14:45:26","slug":"diyanet-isleri-baskanligina-yeni-atama-prof-dr-safi-arpagus-goreve-basliyor","status":"publish","type":"post","link":"http:\/\/gazetevizyon.com\/?p=34186","title":{"rendered":"Diyanet \u0130\u015fleri Ba\u015fkanl\u0131\u011f\u0131&#8217;na Yeni Atama: Prof. Dr. Safi Arpagu\u015f G\u00f6reve Ba\u015fl\u0131yor"},"content":{"rendered":"<p>\n<h2>Diyanet \u0130\u015fleri Ba\u015fkanl\u0131\u011f\u0131&#8217;na Yeni Ba\u015fkan Atand\u0131<\/h2>\n<\/p>\n<p><\/p>\n<p>Resmi Gazete&#8217;de yay\u0131mlanan kararla, <strong>Diyanet \u0130\u015fleri Ba\u015fkanl\u0131\u011f\u0131<\/strong>&#8216;na yeni ba\u015fkan atand\u0131. Ali Erba\u015f&#8217;\u0131n bo\u015faltt\u0131\u011f\u0131 makama, \u0130stanbul \u0130l M\u00fcft\u00fcs\u00fc olarak g\u00f6rev yapan <strong>Prof. Dr. Safi Arpagu\u015f<\/strong> atand\u0131. Bu \u00f6nemli <strong>atama<\/strong>, Diyanet \u0130\u015fleri Ba\u015fkanl\u0131\u011f\u0131&#8217;nda yeni bir d\u00f6nemin ba\u015flang\u0131c\u0131 olarak de\u011ferlendiriliyor.<\/p>\n<p><\/p>\n<p><h3>Prof. Dr. Safi Arpagu\u015f Kimdir?<\/h3>\n<\/p>\n<p><\/p>\n<p><strong>Prof. Dr. Safi Arpagu\u015f<\/strong>, uzun y\u0131llar boyunca \u0130stanbul \u0130l M\u00fcft\u00fcs\u00fc olarak g\u00f6rev yapt\u0131. \u0130l m\u00fcft\u00fcs\u00fc olarak g\u00f6rev yapt\u0131\u011f\u0131 s\u00fcre boyunca \u0130stanbul&#8217;da dini hizmetlerin etkin bir \u015fekilde y\u00fcr\u00fct\u00fclmesine katk\u0131da bulundu. Arpagu\u015f, ayn\u0131 zamanda akademik \u00e7al\u0131\u015fmalar\u0131yla da tan\u0131n\u0131yor ve \u00e7e\u015fitli yay\u0131nlar\u0131 bulunuyor. <\/p>\n<p><\/p>\n<p><h3>Atama Karar\u0131n\u0131n Detaylar\u0131<\/h3>\n<\/p>\n<p><\/p>\n<p>Resmi Gazete&#8217;de yay\u0131mlanan kararda, Prof. Dr. Safi Arpagu\u015f&#8217;un Diyanet \u0130\u015fleri Ba\u015fkanl\u0131\u011f\u0131&#8217;na atanmas\u0131yla ilgili t\u00fcm detaylar yer al\u0131yor. Atama karar\u0131, kamuoyunda geni\u015f yank\u0131 uyand\u0131rd\u0131 ve Diyanet \u0130\u015fleri Ba\u015fkanl\u0131\u011f\u0131&#8217;n\u0131n gelece\u011fi hakk\u0131nda \u00e7e\u015fitli tart\u0131\u015fmalar\u0131 beraberinde getirdi. <\/p>\n<p><\/p>\n<p><h3>Diyanet \u0130\u015fleri Ba\u015fkanl\u0131\u011f\u0131&#8217;n\u0131n \u00d6ncelikli G\u00f6revleri<\/h3>\n<\/p>\n<p><\/p>\n<p>Diyanet \u0130\u015fleri Ba\u015fkanl\u0131\u011f\u0131&#8217;n\u0131n \u00f6ncelikli g\u00f6revleri aras\u0131nda \u015funlar yer almaktad\u0131r:<\/p>\n<p><\/p>\n<p><ul>  <\/p>\n<ul>\n<li>Dini hizmetlerin etkin bir \u015fekilde sunulmas\u0131<\/li>\n<p>  <\/p>\n<li>Dini e\u011fitim seviyesinin y\u00fckseltilmesi<\/li>\n<p>  <\/p>\n<li>Toplumun dini bilgi d\u00fczeyinin art\u0131r\u0131lmas\u0131<\/li>\n<p>  <\/p>\n<li>Dini de\u011ferlerin korunmas\u0131 ve yayg\u0131nla\u015ft\u0131r\u0131lmas\u0131<\/li>\n<\/ul>\n<p><\/ul>\n<\/p>\n<p><\/p>\n<p><strong>Diyanet \u0130\u015fleri Ba\u015fkanl\u0131\u011f\u0131<\/strong>, T\u00fcrkiye&#8217;deki dini hayat\u0131n d\u00fczenlenmesi ve y\u00f6netilmesi konusunda \u00f6nemli bir role sahiptir. Yeni ba\u015fkan Prof. Dr. Safi Arpagu\u015f&#8217;un g\u00f6reve ba\u015flamas\u0131yla birlikte bu alanda yeni stratejiler ve projeler geli\u015ftirilmesi bekleniyor.<\/p><\/p>\n","protected":false},"excerpt":{"rendered":"<p>Diyanet \u0130\u015fleri Ba\u015fkanl\u0131\u011f\u0131&#8217;na Yeni Ba\u015fkan Atand\u0131 Resmi Gazete&#8217;de yay\u0131mlanan kararla, Diyanet \u0130\u015fleri Ba\u015fkanl\u0131\u011f\u0131&#8216;na yeni ba\u015fkan atand\u0131. Ali Erba\u015f&#8217;\u0131n bo\u015faltt\u0131\u011f\u0131 makama, \u0130stanbul \u0130l M\u00fcft\u00fcs\u00fc olarak g\u00f6rev yapan Prof. Dr. Safi Arpagu\u015f atand\u0131. Bu \u00f6nemli atama, Diyanet \u0130\u015fleri Ba\u015fkanl\u0131\u011f\u0131&#8217;nda yeni bir d\u00f6nemin&#8230;<\/p>\n","protected":false},"author":1,"featured_media":34187,"comment_status":"closed","ping_status":"closed","sticky":false,"template":"","format":"standard","meta":{"footnotes":""},"categories":[36],"tags":[],"class_list":["post-34186","post","type-post","status-publish","format-standard","has-post-thumbnail","hentry","category-manset"],"_links":{"self":[{"href":"http:\/\/gazetevizyon.com\/index.php?rest_route=\/wp\/v2\/posts\/34186","targetHints":{"allow":["GET"]}}],"collection":[{"href":"http:\/\/gazetevizyon.com\/index.php?rest_route=\/wp\/v2\/posts"}],"about":[{"href":"http:\/\/gazetevizyon.com\/index.php?rest_route=\/wp\/v2\/types\/post"}],"author":[{"embeddable":true,"href":"http:\/\/gazetevizyon.com\/index.php?rest_route=\/wp\/v2\/users\/1"}],"replies":[{"embeddable":true,"href":"http:\/\/gazetevizyon.com\/index.php?rest_route=%2Fwp%2Fv2%2Fcomments&post=34186"}],"version-history":[{"count":1,"href":"http:\/\/gazetevizyon.com\/index.php?rest_route=\/wp\/v2\/posts\/34186\/revisions"}],"predecessor-version":[{"id":34195,"href":"http:\/\/gazetevizyon.com\/index.php?rest_route=\/wp\/v2\/posts\/34186\/revisions\/34195"}],"wp:featuredmedia":[{"embeddable":true,"href":"http:\/\/gazetevizyon.com\/index.php?rest_route=\/wp\/v2\/media\/34187"}],"wp:attachment":[{"href":"http:\/\/gazetevizyon.com\/index.php?rest_route=%2Fwp%2Fv2%2Fmedia&parent=34186"}],"wp:term":[{"taxonomy":"category","embeddable":true,"href":"http:\/\/gazetevizyon.com\/index.php?rest_route=%2Fwp%2Fv2%2Fcategories&post=34186"},{"taxonomy":"post_tag","embeddable":true,"href":"http:\/\/gazetevizyon.com\/index.php?rest_route=%2Fwp%2Fv2%2Ftags&post=34186"}],"curies":[{"name":"wp","href":"https:\/\/api.w.org\/{rel}","templated":true}]}}