{"id":34190,"date":"2025-09-18T15:10:05","date_gmt":"2025-09-18T15:10:05","guid":{"rendered":"http:\/\/gazetevizyon.com\/?p=34190"},"modified":"2025-09-18T15:10:05","modified_gmt":"2025-09-18T15:10:05","slug":"balikesir-itfaiyesi-yaz-boyunca-3-binden-fazla-olayda-gorev-yapti","status":"publish","type":"post","link":"http:\/\/gazetevizyon.com\/?p=34190","title":{"rendered":"Bal\u0131kesir \u0130tfaiyesi Yaz Boyunca 3 Binden Fazla Olayda G\u00f6rev Yapt\u0131"},"content":{"rendered":"<p>\n<h2>Bal\u0131kesir \u0130tfaiyesi Yaz Karnesini Yay\u0131nlad\u0131<\/h2>\n<\/p>\n<p><\/p>\n<p><p><strong>Bal\u0131kesir B\u00fcy\u00fck\u015fehir Belediyesi \u0130tfaiyesi<\/strong>, Haziran, Temmuz ve A\u011fustos aylar\u0131n\u0131 kapsayan yaz d\u00f6neminde 3.943 olaya m\u00fcdahale ederek \u015fehrin g\u00fcvenli\u011fine \u00f6nemli katk\u0131lar sa\u011flad\u0131. \u0130tfaiye ekipleri, hem\u015fehrilerinin g\u00fcvenli\u011fi i\u00e7in gece g\u00fcnd\u00fcz demeden \u00e7al\u0131\u015ft\u0131.<\/p>\n<\/p>\n<p><\/p>\n<p><h3>Olay T\u00fcrlerine G\u00f6re Da\u011f\u0131l\u0131m<\/h3>\n<\/p>\n<p><\/p>\n<p><p>\u0130tfaiye te\u015fkilat\u0131n\u0131n yaz karnesinde yer alan bilgilere g\u00f6re, m\u00fcdahaleler \u015fu \u015fekilde da\u011f\u0131ld\u0131:<\/p>\n<p><\/p>\n<ul>  <\/p>\n<ul>\n<li>2.439 <strong>yang\u0131n<\/strong> olay\u0131<\/li>\n<p>  <\/p>\n<li>1.096 <strong>kurtarma<\/strong> operasyonu<\/li>\n<p>  <\/p>\n<li>230 <strong>trafik kazas\u0131<\/strong> m\u00fcdahalesi<\/li>\n<p>  <\/p>\n<li>176 <strong>suda arama kurtarma<\/strong> faaliyeti<\/li>\n<p>  <\/p>\n<li>2 <strong>su bask\u0131n\u0131<\/strong> olay\u0131<\/li>\n<p><\/ul>\n<\/p>\n<p><\/p>\n<p><h3>\u00d6nleyici Faaliyetler ve E\u011fitimler<\/h3>\n<\/p>\n<p><\/p>\n<p><p>\u0130tfaiye ekipleri sadece olaylara m\u00fcdahale etmekle kalmay\u0131p, ayn\u0131 zamanda \u00f6nleyici faaliyetler de y\u00fcr\u00fctt\u00fc. Bu kapsamda:<\/p>\n<p><\/p>\n<ul>  <\/p>\n<li>1.714 <strong>denetim<\/strong> ger\u00e7ekle\u015ftirildi.<\/li>\n<p>  <\/p>\n<li>4.434 ki\u015fiye <strong>e\u011fitim<\/strong> verildi.<\/li>\n<p><\/ul>\n<\/p>\n<p><\/p>\n<p><h3>Can ve Mal Kurtarma \u00c7al\u0131\u015fmalar\u0131<\/h3>\n<\/p>\n<p><\/p>\n<p><p>Yaz boyunca yap\u0131lan ba\u015far\u0131l\u0131 \u00e7al\u0131\u015fmalar sonucunda:<\/p>\n<p><\/p>\n<ul>  <\/p>\n<li>735 <strong>canl\u0131<\/strong> kurtar\u0131ld\u0131.<\/li>\n<p>  <\/p>\n<li>729 <strong>insan<\/strong> kurtar\u0131ld\u0131.<\/li>\n<\/ul>\n<p><\/ul>\n<\/p>\n<p><\/p>\n<p><h3>Kahraman \u0130tfaiyecilere Te\u015fekk\u00fcr<\/h3>\n<\/p>\n<p><\/p>\n<p><p><strong>Bal\u0131kesir<\/strong>&#8216;in d\u00f6rt bir yan\u0131nda g\u00f6rev yapan 44 istasyonda 789 personel ve 178 ara\u00e7la hizmet veren kahraman itfaiyecilere te\u015fekk\u00fcr edildi. \u0130tfaiye ekipleri, vatanda\u015flar\u0131n g\u00fcvenli\u011fi i\u00e7in \u00f6zveriyle \u00e7al\u0131\u015fmaya devam ediyor.<\/p><\/p>\n","protected":false},"excerpt":{"rendered":"<p>Bal\u0131kesir \u0130tfaiyesi Yaz Karnesini Yay\u0131nlad\u0131 Bal\u0131kesir B\u00fcy\u00fck\u015fehir Belediyesi \u0130tfaiyesi, Haziran, Temmuz ve A\u011fustos aylar\u0131n\u0131 kapsayan yaz d\u00f6neminde 3.943 olaya m\u00fcdahale ederek \u015fehrin g\u00fcvenli\u011fine \u00f6nemli katk\u0131lar sa\u011flad\u0131. \u0130tfaiye ekipleri, hem\u015fehrilerinin g\u00fcvenli\u011fi i\u00e7in gece g\u00fcnd\u00fcz demeden \u00e7al\u0131\u015ft\u0131. Olay T\u00fcrlerine G\u00f6re Da\u011f\u0131l\u0131m \u0130tfaiye&#8230;<\/p>\n","protected":false},"author":1,"featured_media":34191,"comment_status":"closed","ping_status":"closed","sticky":false,"template":"","format":"standard","meta":{"footnotes":""},"categories":[36],"tags":[],"class_list":["post-34190","post","type-post","status-publish","format-standard","has-post-thumbnail","hentry","category-manset"],"_links":{"self":[{"href":"http:\/\/gazetevizyon.com\/index.php?rest_route=\/wp\/v2\/posts\/34190","targetHints":{"allow":["GET"]}}],"collection":[{"href":"http:\/\/gazetevizyon.com\/index.php?rest_route=\/wp\/v2\/posts"}],"about":[{"href":"http:\/\/gazetevizyon.com\/index.php?rest_route=\/wp\/v2\/types\/post"}],"author":[{"embeddable":true,"href":"http:\/\/gazetevizyon.com\/index.php?rest_route=\/wp\/v2\/users\/1"}],"replies":[{"embeddable":true,"href":"http:\/\/gazetevizyon.com\/index.php?rest_route=%2Fwp%2Fv2%2Fcomments&post=34190"}],"version-history":[{"count":1,"href":"http:\/\/gazetevizyon.com\/index.php?rest_route=\/wp\/v2\/posts\/34190\/revisions"}],"predecessor-version":[{"id":34199,"href":"http:\/\/gazetevizyon.com\/index.php?rest_route=\/wp\/v2\/posts\/34190\/revisions\/34199"}],"wp:featuredmedia":[{"embeddable":true,"href":"http:\/\/gazetevizyon.com\/index.php?rest_route=\/wp\/v2\/media\/34191"}],"wp:attachment":[{"href":"http:\/\/gazetevizyon.com\/index.php?rest_route=%2Fwp%2Fv2%2Fmedia&parent=34190"}],"wp:term":[{"taxonomy":"category","embeddable":true,"href":"http:\/\/gazetevizyon.com\/index.php?rest_route=%2Fwp%2Fv2%2Fcategories&post=34190"},{"taxonomy":"post_tag","embeddable":true,"href":"http:\/\/gazetevizyon.com\/index.php?rest_route=%2Fwp%2Fv2%2Ftags&post=34190"}],"curies":[{"name":"wp","href":"https:\/\/api.w.org\/{rel}","templated":true}]}}