{"id":34192,"date":"2025-09-18T17:28:07","date_gmt":"2025-09-18T17:28:07","guid":{"rendered":"http:\/\/gazetevizyon.com\/?p=34192"},"modified":"2025-09-18T17:28:07","modified_gmt":"2025-09-18T17:28:07","slug":"balikesir-sindirgida-esnaf-ve-vatandas-bulusmasi-gerceklesti","status":"publish","type":"post","link":"http:\/\/gazetevizyon.com\/?p=34192","title":{"rendered":"Bal\u0131kesir S\u0131nd\u0131rg\u0131&#8217;da Esnaf ve Vatanda\u015f Bulu\u015fmas\u0131 Ger\u00e7ekle\u015fti"},"content":{"rendered":"<p>\n<h2>Bal\u0131kesir Valili\u011fi&#8217;nde \u00d6nemli \u0130sti\u015fare Toplant\u0131s\u0131<\/h2>\n<\/p>\n<p><\/p>\n<p>Bal\u0131kesir&#8217;in S\u0131nd\u0131rg\u0131 il\u00e7esinde, <strong>Bal\u0131kesir Valili\u011fi<\/strong> \u00f6nc\u00fcl\u00fc\u011f\u00fcnde \u00e7evre, \u015fehircilik ve iklim de\u011fi\u015fikli\u011fi konular\u0131nda \u00f6nemli bir isti\u015fare toplant\u0131s\u0131 ger\u00e7ekle\u015ftirildi. Toplant\u0131ya, \u00c7evre, \u015eehircilik ve \u0130klim De\u011fi\u015fikli\u011fi Bakan\u0131 Murat Kurum, Vali \u0130smail Ustao\u011flu, \u0130\u00e7i\u015fleri Bakan Yard\u0131mc\u0131s\u0131 M\u00fcnir Karalo\u011flu, AK Parti Genel Ba\u015fkan Yard\u0131mc\u0131s\u0131 ve Bal\u0131kesir Milletvekili Belgin Uygur, Bal\u0131kesir Milletvekilleri Dr. Mustafa Canbey, \u0130smail Ok, Ali Taylan \u00d6ztaylan, Ekrem G\u00f6kay Y\u00fcksel, TOK\u0130 Ba\u015fkan\u0131 Mustafa Levent Sungur, AFAD Ba\u015fkan Yard\u0131mc\u0131s\u0131 \u00d6nder Bozkurt ve B\u00fcy\u00fck\u015fehir Belediye Ba\u015fkan\u0131 Ahmet Ak\u0131n kat\u0131ld\u0131.<\/p>\n<p><\/p>\n<p><h2>Esnaf ve Vatanda\u015flarla Bir Araya Gelindi<\/h2>\n<\/p>\n<p><\/p>\n<p>Valilik heyeti, S\u0131nd\u0131rg\u0131&#8217;da <strong>esnaf ve vatanda\u015flarla<\/strong> bir araya gelerek, il\u00e7enin sorunlar\u0131n\u0131 ve ihtiya\u00e7lar\u0131n\u0131 dinledi. Toplant\u0131da, <strong>S\u0131nd\u0131rg\u0131&#8217;n\u0131n<\/strong> yerel dinamikleri ve geli\u015ftirilmesi gereken alanlar \u00fczerine g\u00f6r\u00fc\u015f al\u0131\u015fveri\u015finde bulunuldu.<\/p>\n<p><\/p>\n<p><h3>G\u00f6r\u00fc\u015fmelerde Ele Al\u0131nan Konular<\/h3>\n<\/p>\n<p><\/p>\n<p>Toplant\u0131da, a\u015fa\u011f\u0131daki konular ele al\u0131nd\u0131:<\/p>\n<p><\/p>\n<p>*   \u0130l\u00e7enin <strong>altyap\u0131 sorunlar\u0131<\/strong> ve \u00e7\u00f6z\u00fcm \u00f6nerileri<br \/>*   <strong>Ekonomik kalk\u0131nma<\/strong> ve istihdam olanaklar\u0131<br \/>*   <strong>\u00c7evre ve iklim de\u011fi\u015fikli\u011fi<\/strong> ile m\u00fccadele \u00e7al\u0131\u015fmalar\u0131<br \/>*   <strong>\u015eehircilik projeleri<\/strong> ve kentsel d\u00f6n\u00fc\u015f\u00fcm imkanlar\u0131<br \/>*   <strong>Afet risk y\u00f6netimi<\/strong> ve haz\u0131rl\u0131k \u00e7al\u0131\u015fmalar\u0131<\/p>\n<p><\/p>\n<p><h2>Valilik Heyetinin Ama\u00e7lar\u0131<\/h2>\n<\/p>\n<p><\/p>\n<p>Vali \u0130smail Ustao\u011flu, toplant\u0131n\u0131n ard\u0131ndan yapt\u0131\u011f\u0131 a\u00e7\u0131klamada, <strong>Bal\u0131kesir&#8217;in<\/strong> t\u00fcm il\u00e7elerindeki sorunlar\u0131 yak\u0131ndan takip ettiklerini ve \u00e7\u00f6z\u00fcm odakl\u0131 \u00e7al\u0131\u015fmalar y\u00fcr\u00fctt\u00fcklerini vurgulad\u0131. <strong>S\u0131nd\u0131rg\u0131&#8217;n\u0131n<\/strong> kalk\u0131nmas\u0131na katk\u0131 sa\u011flayacak projelerin hayata ge\u00e7irilmesi i\u00e7in ilgili bakanl\u0131klarla koordineli bir \u015fekilde \u00e7al\u0131\u015ft\u0131klar\u0131n\u0131 belirtti. <\/p><\/p>\n","protected":false},"excerpt":{"rendered":"<p>Bal\u0131kesir Valili\u011fi&#8217;nde \u00d6nemli \u0130sti\u015fare Toplant\u0131s\u0131 Bal\u0131kesir&#8217;in S\u0131nd\u0131rg\u0131 il\u00e7esinde, Bal\u0131kesir Valili\u011fi \u00f6nc\u00fcl\u00fc\u011f\u00fcnde \u00e7evre, \u015fehircilik ve iklim de\u011fi\u015fikli\u011fi konular\u0131nda \u00f6nemli bir isti\u015fare toplant\u0131s\u0131 ger\u00e7ekle\u015ftirildi. Toplant\u0131ya, \u00c7evre, \u015eehircilik ve \u0130klim De\u011fi\u015fikli\u011fi Bakan\u0131 Murat Kurum, Vali \u0130smail Ustao\u011flu, \u0130\u00e7i\u015fleri Bakan Yard\u0131mc\u0131s\u0131 M\u00fcnir Karalo\u011flu, AK&#8230;<\/p>\n","protected":false},"author":1,"featured_media":34193,"comment_status":"closed","ping_status":"closed","sticky":false,"template":"","format":"standard","meta":{"footnotes":""},"categories":[36],"tags":[],"class_list":["post-34192","post","type-post","status-publish","format-standard","has-post-thumbnail","hentry","category-manset"],"_links":{"self":[{"href":"http:\/\/gazetevizyon.com\/index.php?rest_route=\/wp\/v2\/posts\/34192","targetHints":{"allow":["GET"]}}],"collection":[{"href":"http:\/\/gazetevizyon.com\/index.php?rest_route=\/wp\/v2\/posts"}],"about":[{"href":"http:\/\/gazetevizyon.com\/index.php?rest_route=\/wp\/v2\/types\/post"}],"author":[{"embeddable":true,"href":"http:\/\/gazetevizyon.com\/index.php?rest_route=\/wp\/v2\/users\/1"}],"replies":[{"embeddable":true,"href":"http:\/\/gazetevizyon.com\/index.php?rest_route=%2Fwp%2Fv2%2Fcomments&post=34192"}],"version-history":[{"count":1,"href":"http:\/\/gazetevizyon.com\/index.php?rest_route=\/wp\/v2\/posts\/34192\/revisions"}],"predecessor-version":[{"id":34218,"href":"http:\/\/gazetevizyon.com\/index.php?rest_route=\/wp\/v2\/posts\/34192\/revisions\/34218"}],"wp:featuredmedia":[{"embeddable":true,"href":"http:\/\/gazetevizyon.com\/index.php?rest_route=\/wp\/v2\/media\/34193"}],"wp:attachment":[{"href":"http:\/\/gazetevizyon.com\/index.php?rest_route=%2Fwp%2Fv2%2Fmedia&parent=34192"}],"wp:term":[{"taxonomy":"category","embeddable":true,"href":"http:\/\/gazetevizyon.com\/index.php?rest_route=%2Fwp%2Fv2%2Fcategories&post=34192"},{"taxonomy":"post_tag","embeddable":true,"href":"http:\/\/gazetevizyon.com\/index.php?rest_route=%2Fwp%2Fv2%2Ftags&post=34192"}],"curies":[{"name":"wp","href":"https:\/\/api.w.org\/{rel}","templated":true}]}}