{"id":34269,"date":"2025-09-19T18:07:47","date_gmt":"2025-09-19T18:07:47","guid":{"rendered":"http:\/\/gazetevizyon.com\/?p=34269"},"modified":"2025-09-19T18:07:47","modified_gmt":"2025-09-19T18:07:47","slug":"gaziler-gununde-ataturk-ve-gazilere-minnet-mesaji","status":"publish","type":"post","link":"http:\/\/gazetevizyon.com\/?p=34269","title":{"rendered":"Gaziler G\u00fcn\u00fc&#8217;nde Atat\u00fcrk ve Gazilere Minnet Mesaj\u0131"},"content":{"rendered":"<p>\n<h2>Gaziler G\u00fcn\u00fc An\u0131ld\u0131<\/h2>\n<\/p>\n<p><\/p>\n<p><strong>Gaziler G\u00fcn\u00fc<\/strong>, ulusal ba\u011f\u0131ms\u0131zl\u0131\u011f\u0131m\u0131z ve bar\u0131\u015f i\u00e7inde ya\u015fayabilmemiz i\u00e7in m\u00fccadele eden t\u00fcm <strong>gazilere<\/strong> duyulan minneti ifade etmek i\u00e7in anlaml\u0131 bir g\u00fcn olarak kutlan\u0131yor.<\/p>\n<p><\/p>\n<p><h3>Atat\u00fcrk ve Gazilere Vurgu<\/h3>\n<\/p>\n<p><\/p>\n<p>Serkan Sar\u0131, Gaziler G\u00fcn\u00fc vesilesiyle <strong>Gazi Mustafa Kemal Atat\u00fcrk<\/strong> ba\u015fta olmak \u00fczere, ulusal ba\u011f\u0131ms\u0131zl\u0131k m\u00fccadelesine katk\u0131da bulunan ve bar\u0131\u015f\u0131n tesisinde \u00f6nemli rol oynayan t\u00fcm gazilere <strong>sayg\u0131 ve minnet<\/strong> mesaj\u0131 yay\u0131nlad\u0131.<\/p>\n<p><\/p>\n<p><h3>Ulusal Ba\u011f\u0131ms\u0131zl\u0131k M\u00fccadelesi ve Bar\u0131\u015f \u0130\u00e7in Fedakarl\u0131k<\/h3>\n<\/p>\n<p><\/p>\n<p>Serkan Sar\u0131&#8217;n\u0131n mesaj\u0131nda, <strong>ulusal ba\u011f\u0131ms\u0131zl\u0131k<\/strong> i\u00e7in verilen m\u00fccadelenin ve <strong>bar\u0131\u015f<\/strong> i\u00e7inde ya\u015fama \u00f6zleminin, gazilerin fedakarl\u0131klar\u0131 sayesinde m\u00fcmk\u00fcn oldu\u011fu vurguland\u0131. Mesajda, gazilerin kahramanl\u0131klar\u0131n\u0131n gelecek nesillere aktar\u0131lmas\u0131 gerekti\u011fi de belirtildi.<\/p>\n<p><\/p>\n<p><h3>Minnet ve Sayg\u0131 Mesaj\u0131<\/h3>\n<\/p>\n<p><\/p>\n<p>Serkan Sar\u0131, mesaj\u0131nda t\u00fcm gazilere <strong>sa\u011fl\u0131k, huzur ve mutluluk<\/strong> diledi ve onlar\u0131n fedakarl\u0131klar\u0131n\u0131n asla unutulmayaca\u011f\u0131n\u0131 ifade etti. Gazilerin kahramanl\u0131klar\u0131n\u0131n, T\u00fcrkiye Cumhuriyeti&#8217;nin gelece\u011fi i\u00e7in bir ilham kayna\u011f\u0131 oldu\u011fu vurguland\u0131.<\/p><\/p>\n","protected":false},"excerpt":{"rendered":"<p>Gaziler G\u00fcn\u00fc An\u0131ld\u0131 Gaziler G\u00fcn\u00fc, ulusal ba\u011f\u0131ms\u0131zl\u0131\u011f\u0131m\u0131z ve bar\u0131\u015f i\u00e7inde ya\u015fayabilmemiz i\u00e7in m\u00fccadele eden t\u00fcm gazilere duyulan minneti ifade etmek i\u00e7in anlaml\u0131 bir g\u00fcn olarak kutlan\u0131yor. Atat\u00fcrk ve Gazilere Vurgu Serkan Sar\u0131, Gaziler G\u00fcn\u00fc vesilesiyle Gazi Mustafa Kemal Atat\u00fcrk ba\u015fta&#8230;<\/p>\n","protected":false},"author":1,"featured_media":0,"comment_status":"closed","ping_status":"closed","sticky":false,"template":"","format":"standard","meta":{"footnotes":""},"categories":[23],"tags":[],"class_list":["post-34269","post","type-post","status-publish","format-standard","hentry","category-siyaset"],"_links":{"self":[{"href":"http:\/\/gazetevizyon.com\/index.php?rest_route=\/wp\/v2\/posts\/34269","targetHints":{"allow":["GET"]}}],"collection":[{"href":"http:\/\/gazetevizyon.com\/index.php?rest_route=\/wp\/v2\/posts"}],"about":[{"href":"http:\/\/gazetevizyon.com\/index.php?rest_route=\/wp\/v2\/types\/post"}],"author":[{"embeddable":true,"href":"http:\/\/gazetevizyon.com\/index.php?rest_route=\/wp\/v2\/users\/1"}],"replies":[{"embeddable":true,"href":"http:\/\/gazetevizyon.com\/index.php?rest_route=%2Fwp%2Fv2%2Fcomments&post=34269"}],"version-history":[{"count":1,"href":"http:\/\/gazetevizyon.com\/index.php?rest_route=\/wp\/v2\/posts\/34269\/revisions"}],"predecessor-version":[{"id":34281,"href":"http:\/\/gazetevizyon.com\/index.php?rest_route=\/wp\/v2\/posts\/34269\/revisions\/34281"}],"wp:attachment":[{"href":"http:\/\/gazetevizyon.com\/index.php?rest_route=%2Fwp%2Fv2%2Fmedia&parent=34269"}],"wp:term":[{"taxonomy":"category","embeddable":true,"href":"http:\/\/gazetevizyon.com\/index.php?rest_route=%2Fwp%2Fv2%2Fcategories&post=34269"},{"taxonomy":"post_tag","embeddable":true,"href":"http:\/\/gazetevizyon.com\/index.php?rest_route=%2Fwp%2Fv2%2Ftags&post=34269"}],"curies":[{"name":"wp","href":"https:\/\/api.w.org\/{rel}","templated":true}]}}