{"id":34271,"date":"2025-09-19T18:14:21","date_gmt":"2025-09-19T18:14:21","guid":{"rendered":"http:\/\/gazetevizyon.com\/?p=34271"},"modified":"2025-09-19T18:14:21","modified_gmt":"2025-09-19T18:14:21","slug":"balikesirde-el-emegi-carpana-dokumalari-sergileniyor","status":"publish","type":"post","link":"http:\/\/gazetevizyon.com\/?p=34271","title":{"rendered":"Bal\u0131kesir&#8217;de El Eme\u011fi \u00c7arpana Dokumalar\u0131 Sergileniyor"},"content":{"rendered":"<p>\n<h2>Bal\u0131kesir&#8217;de \u00c7arpana Dokuma Sergisi A\u00e7\u0131l\u0131yor<\/h2>\n<\/p>\n<p><\/p>\n<p>Bal\u0131kesir B\u00fcy\u00fck\u015fehir Belediyesi taraf\u0131ndan d\u00fczenlenen BALMEK \u00c7arpana Kursu kursiyerlerinin el eme\u011fi g\u00f6z nuru <strong>\u00c7arpana dokumalar\u0131<\/strong>, 22<\/p>\n<ul>\n<li>26 Eyl\u00fcl tarihleri aras\u0131nda Bal\u0131kesir Kent Konseyi Fuaye Alan\u0131&#8217;nda sergilenecek. Sergide, kursiyerlerin titizlikle haz\u0131rlad\u0131\u011f\u0131 <strong>\u00c7arpana<\/strong> \u00f6rnekleri g\u00f6r\u00fcc\u00fcye \u00e7\u0131kacak.<\/p>\n<\/li>\n<p><\/p>\n<p><h3>Sergi Detaylar\u0131<\/h3>\n<\/p>\n<p><\/p>\n<p>Sergi, 22 Eyl\u00fcl tarihinde ba\u015flayacak ve 26 Eyl\u00fcl tarihine kadar devam edecek. <strong>Bal\u0131kesir Kent Konseyi Fuaye Alan\u0131<\/strong>&#8216;nda 13:00 ile 18:00 saatleri aras\u0131nda ziyarete a\u00e7\u0131k olacak. Bu <strong>sergi<\/strong>, el sanatlar\u0131na ilgi duyanlar\u0131n ve <strong>\u00c7arpana dokuma<\/strong> sanat\u0131n\u0131 yak\u0131ndan tan\u0131mak isteyenlerin ka\u00e7\u0131rmamas\u0131 gereken bir f\u0131rsat.<\/p>\n<p><\/p>\n<p><h3>BALMEK Kursiyerlerinin Eserleri<\/h3>\n<\/p>\n<p><\/p>\n<p>BALMEK \u00c7arpana Kursu, kursiyerlere <strong>\u00c7arpana dokuma<\/strong> sanat\u0131n\u0131 \u00f6\u011fretmeyi ve el sanatlar\u0131n\u0131 ya\u015fatmay\u0131 ama\u00e7l\u0131yor. Kursiyerlerin haz\u0131rlad\u0131\u011f\u0131 <strong>el eme\u011fi g\u00f6z nuru dokumalar<\/strong>, sergide b\u00fcy\u00fck ilgi g\u00f6rmesi bekleniyor. Sergide yer alacak eserler aras\u0131nda:<\/p>\n<ul>    <\/p>\n<li>Geleneksel motiflere sahip \u00c7arpana \u00f6rnekleri<\/li>\n<p>    <\/p>\n<li>Modern tasar\u0131ml\u0131 \u00c7arpana dokumalar\u0131<\/li>\n<p>    <\/p>\n<li>Farkl\u0131 boyutlarda ve renklerde \u00c7arpana eserleri<\/li>\n<p><\/ul>\n<\/p>\n<p><\/p>\n<p><h3>T\u00fcm Hem\u015fehriler Davetlidir<\/h3>\n<\/p>\n<p><\/p>\n<p>Bal\u0131kesir B\u00fcy\u00fck\u015fehir Belediyesi, t\u00fcm hem\u015fehrilerini <strong>sergi<\/strong>yi ziyaret etmeye davet ediyor. <strong>El sanatlar\u0131<\/strong>na destek vermek ve <strong>\u00c7arpana dokuma<\/strong> sanat\u0131n\u0131 yak\u0131ndan tan\u0131mak isteyenler, 22<\/p>\n<li>26 Eyl\u00fcl tarihleri aras\u0131nda Bal\u0131kesir Kent Konseyi Fuaye Alan\u0131&#8217;n\u0131 ziyaret edebilirler.<\/p>\n<\/li>\n<\/ul>\n","protected":false},"excerpt":{"rendered":"<p>Bal\u0131kesir&#8217;de \u00c7arpana Dokuma Sergisi A\u00e7\u0131l\u0131yor Bal\u0131kesir B\u00fcy\u00fck\u015fehir Belediyesi taraf\u0131ndan d\u00fczenlenen BALMEK \u00c7arpana Kursu kursiyerlerinin el eme\u011fi g\u00f6z nuru \u00c7arpana dokumalar\u0131, 22 26 Eyl\u00fcl tarihleri aras\u0131nda Bal\u0131kesir Kent Konseyi Fuaye Alan\u0131&#8217;nda sergilenecek. Sergide, kursiyerlerin titizlikle haz\u0131rlad\u0131\u011f\u0131 \u00c7arpana \u00f6rnekleri g\u00f6r\u00fcc\u00fcye \u00e7\u0131kacak. Sergi&#8230;<\/p>\n","protected":false},"author":1,"featured_media":34272,"comment_status":"closed","ping_status":"closed","sticky":false,"template":"","format":"standard","meta":{"footnotes":""},"categories":[36],"tags":[],"class_list":["post-34271","post","type-post","status-publish","format-standard","has-post-thumbnail","hentry","category-manset"],"_links":{"self":[{"href":"http:\/\/gazetevizyon.com\/index.php?rest_route=\/wp\/v2\/posts\/34271","targetHints":{"allow":["GET"]}}],"collection":[{"href":"http:\/\/gazetevizyon.com\/index.php?rest_route=\/wp\/v2\/posts"}],"about":[{"href":"http:\/\/gazetevizyon.com\/index.php?rest_route=\/wp\/v2\/types\/post"}],"author":[{"embeddable":true,"href":"http:\/\/gazetevizyon.com\/index.php?rest_route=\/wp\/v2\/users\/1"}],"replies":[{"embeddable":true,"href":"http:\/\/gazetevizyon.com\/index.php?rest_route=%2Fwp%2Fv2%2Fcomments&post=34271"}],"version-history":[{"count":1,"href":"http:\/\/gazetevizyon.com\/index.php?rest_route=\/wp\/v2\/posts\/34271\/revisions"}],"predecessor-version":[{"id":34287,"href":"http:\/\/gazetevizyon.com\/index.php?rest_route=\/wp\/v2\/posts\/34271\/revisions\/34287"}],"wp:featuredmedia":[{"embeddable":true,"href":"http:\/\/gazetevizyon.com\/index.php?rest_route=\/wp\/v2\/media\/34272"}],"wp:attachment":[{"href":"http:\/\/gazetevizyon.com\/index.php?rest_route=%2Fwp%2Fv2%2Fmedia&parent=34271"}],"wp:term":[{"taxonomy":"category","embeddable":true,"href":"http:\/\/gazetevizyon.com\/index.php?rest_route=%2Fwp%2Fv2%2Fcategories&post=34271"},{"taxonomy":"post_tag","embeddable":true,"href":"http:\/\/gazetevizyon.com\/index.php?rest_route=%2Fwp%2Fv2%2Ftags&post=34271"}],"curies":[{"name":"wp","href":"https:\/\/api.w.org\/{rel}","templated":true}]}}