{"id":34276,"date":"2025-09-19T20:29:02","date_gmt":"2025-09-19T20:29:02","guid":{"rendered":"http:\/\/gazetevizyon.com\/?p=34276"},"modified":"2025-09-19T20:29:02","modified_gmt":"2025-09-19T20:29:02","slug":"chp-dursunbey-ilce-kongresi-sonuclandi-mustafa-kemal-aydinoz-yeniden-baskan-secildi","status":"publish","type":"post","link":"http:\/\/gazetevizyon.com\/?p=34276","title":{"rendered":"CHP Dursunbey \u0130l\u00e7e Kongresi Sonu\u00e7land\u0131: Mustafa Kemal Ayd\u0131n\u00f6z Yeniden Ba\u015fkan Se\u00e7ildi"},"content":{"rendered":"<p>\n<h2>CHP Dursunbey \u0130l\u00e7e Kongresi Ger\u00e7ekle\u015fti<\/h2>\n<\/p>\n<p><\/p>\n<p><p><strong>Cumhuriyet Halk Partisi (CHP) Bal\u0131kesir \u0130l Ba\u015fkanl\u0131\u011f\u0131<\/strong> taraf\u0131ndan d\u00fczenlenen 39. D\u00f6nem Dursunbey Ola\u011fan \u0130l\u00e7e Kongresi tamamland\u0131. Kongrede, mevcut \u0130l\u00e7e Ba\u015fkan\u0131 <strong>Mustafa Kemal Ayd\u0131n\u00f6z<\/strong>, delegelerin iradesiyle yeniden \u0130l\u00e7e Ba\u015fkanl\u0131\u011f\u0131 g\u00f6revine se\u00e7ildi.<\/p>\n<\/p>\n<p><\/p>\n<p><h2>Y\u00f6netim Kurulu Belli Oldu<\/h2>\n<\/p>\n<p><\/p>\n<p><p>Kongrede, Mustafa Kemal Ayd\u0131n\u00f6z\u2019\u00fcn yan\u0131 s\u0131ra y\u00f6netim sorumlulu\u011funu \u00fcstlenen yol arkada\u015flar\u0131 da belirlendi. Y\u00f6netim kurulu \u00fcyelerinin isimleri hen\u00fcz a\u00e7\u0131klanmad\u0131.<\/p>\n<\/p>\n<p><\/p>\n<p><h3>Adaylara Te\u015fekk\u00fcr<\/h3>\n<\/p>\n<p><\/p>\n<p><p>Kongreye aday olarak kat\u0131lan ve s\u00fcrece katk\u0131 sunan Ferhan Mihyaz\u2019a, CHP Bal\u0131kesir \u0130l Ba\u015fkanl\u0131\u011f\u0131 taraf\u0131ndan te\u015fekk\u00fcr edildi. Parti, Mihyaz\u2019\u0131n kongreye olan katk\u0131lar\u0131n\u0131n \u00f6nemine vurgu yapt\u0131.<\/p>\n<\/p>\n<p><\/p>\n<p><h2>\u00d6rg\u00fctl\u00fc M\u00fccadeleye G\u00fc\u00e7 Kat\u0131l\u0131yor<\/h2>\n<\/p>\n<p><\/p>\n<p><p>CHP Bal\u0131kesir \u0130l Ba\u015fkanl\u0131\u011f\u0131, Dursunbey\u2019deki b\u00fcy\u00fcyen <strong>\u00f6rg\u00fctl\u00fc m\u00fccadeleye<\/strong> katk\u0131 sunan herkese sayg\u0131lar\u0131n\u0131 iletti. Parti, Dursunbey\u2019deki <strong>parti \u00f6rg\u00fctlenmesinin<\/strong> g\u00fc\u00e7lenmesine y\u00f6nelik \u00e7al\u0131\u015fmalar\u0131n devam edece\u011fini belirtti. Dursunbey\u2019deki kongre, CHP\u2019nin yerel y\u00f6netimlerdeki <strong>g\u00fc\u00e7lenmesi<\/strong> i\u00e7in \u00f6nemli bir ad\u0131m olarak de\u011ferlendiriliyor.<\/p>\n<\/p>\n<p><\/p>\n<p><ul>  <\/p>\n<ul>\n<li>Kongre, 39. D\u00f6nem Dursunbey Ola\u011fan \u0130l\u00e7e Kongresi olarak ger\u00e7ekle\u015ftirildi.<\/li>\n<p>  <\/p>\n<li>Mustafa Kemal Ayd\u0131n\u00f6z, yeniden \u0130l\u00e7e Ba\u015fkan\u0131 se\u00e7ildi.<\/li>\n<p>  <\/p>\n<li>Ferhan Mihyaz\u2019a kongreye olan katk\u0131lar\u0131ndan dolay\u0131 te\u015fekk\u00fcr edildi.<\/li>\n<p>  <\/p>\n<li>CHP Bal\u0131kesir \u0130l Ba\u015fkanl\u0131\u011f\u0131, Dursunbey\u2019deki \u00f6rg\u00fctl\u00fc m\u00fccadeleye katk\u0131 sunan herkese sayg\u0131lar\u0131n\u0131 iletti.<\/li>\n<\/ul>\n<p><\/ul><\/p>\n","protected":false},"excerpt":{"rendered":"<p>CHP Dursunbey \u0130l\u00e7e Kongresi Ger\u00e7ekle\u015fti Cumhuriyet Halk Partisi (CHP) Bal\u0131kesir \u0130l Ba\u015fkanl\u0131\u011f\u0131 taraf\u0131ndan d\u00fczenlenen 39. D\u00f6nem Dursunbey Ola\u011fan \u0130l\u00e7e Kongresi tamamland\u0131. Kongrede, mevcut \u0130l\u00e7e Ba\u015fkan\u0131 Mustafa Kemal Ayd\u0131n\u00f6z, delegelerin iradesiyle yeniden \u0130l\u00e7e Ba\u015fkanl\u0131\u011f\u0131 g\u00f6revine se\u00e7ildi. Y\u00f6netim Kurulu Belli Oldu Kongrede,&#8230;<\/p>\n","protected":false},"author":1,"featured_media":34277,"comment_status":"closed","ping_status":"closed","sticky":false,"template":"","format":"standard","meta":{"footnotes":""},"categories":[23],"tags":[],"class_list":["post-34276","post","type-post","status-publish","format-standard","has-post-thumbnail","hentry","category-siyaset"],"_links":{"self":[{"href":"http:\/\/gazetevizyon.com\/index.php?rest_route=\/wp\/v2\/posts\/34276","targetHints":{"allow":["GET"]}}],"collection":[{"href":"http:\/\/gazetevizyon.com\/index.php?rest_route=\/wp\/v2\/posts"}],"about":[{"href":"http:\/\/gazetevizyon.com\/index.php?rest_route=\/wp\/v2\/types\/post"}],"author":[{"embeddable":true,"href":"http:\/\/gazetevizyon.com\/index.php?rest_route=\/wp\/v2\/users\/1"}],"replies":[{"embeddable":true,"href":"http:\/\/gazetevizyon.com\/index.php?rest_route=%2Fwp%2Fv2%2Fcomments&post=34276"}],"version-history":[{"count":1,"href":"http:\/\/gazetevizyon.com\/index.php?rest_route=\/wp\/v2\/posts\/34276\/revisions"}],"predecessor-version":[{"id":34290,"href":"http:\/\/gazetevizyon.com\/index.php?rest_route=\/wp\/v2\/posts\/34276\/revisions\/34290"}],"wp:featuredmedia":[{"embeddable":true,"href":"http:\/\/gazetevizyon.com\/index.php?rest_route=\/wp\/v2\/media\/34277"}],"wp:attachment":[{"href":"http:\/\/gazetevizyon.com\/index.php?rest_route=%2Fwp%2Fv2%2Fmedia&parent=34276"}],"wp:term":[{"taxonomy":"category","embeddable":true,"href":"http:\/\/gazetevizyon.com\/index.php?rest_route=%2Fwp%2Fv2%2Fcategories&post=34276"},{"taxonomy":"post_tag","embeddable":true,"href":"http:\/\/gazetevizyon.com\/index.php?rest_route=%2Fwp%2Fv2%2Ftags&post=34276"}],"curies":[{"name":"wp","href":"https:\/\/api.w.org\/{rel}","templated":true}]}}