{"id":34410,"date":"2025-09-22T02:41:47","date_gmt":"2025-09-22T02:41:47","guid":{"rendered":"http:\/\/gazetevizyon.com\/?p=34410"},"modified":"2025-09-22T02:41:47","modified_gmt":"2025-09-22T02:41:47","slug":"bandirmada-kitapseverler-7-kitap-gunlerinde-bulustu","status":"publish","type":"post","link":"http:\/\/gazetevizyon.com\/?p=34410","title":{"rendered":"Band\u0131rma&#8217;da Kitapseverler 7. Kitap G\u00fcnleri&#8217;nde Bulu\u015ftu"},"content":{"rendered":"<p>\n<h2>Band\u0131rma&#8217;da Kitap G\u00fcnleri Co\u015fkusu Ya\u015fand\u0131<\/h2>\n<\/p>\n<p><\/p>\n<p><p><strong>Band\u0131rma Belediyesi<\/strong> taraf\u0131ndan d\u00fczenlenen 7. <strong>Kitap G\u00fcnleri<\/strong>, 21 Eyl\u00fcl tarihinde <strong>Cumhuriyet Meydan\u0131<\/strong>&#8216;nda kitapseverleri bir araya getirdi. G\u00fcn boyunca dopdolu bir programla hem\u015fehrilerimiz keyifli anlar ya\u015fad\u0131.<\/p>\n<\/p>\n<p><\/p>\n<p><h3>\u00dcnl\u00fc \u0130simler S\u00f6yle\u015fiyle Meydandayd\u0131<\/h3>\n<\/p>\n<p><\/p>\n<p><p>Etkinli\u011fin en dikkat \u00e7ekici anlar\u0131ndan biri, \u00fcnl\u00fc oyuncular <strong>Erkan Can<\/strong> ve <strong>G\u00fcven K\u0131ra\u00e7<\/strong>&#8216;\u0131n kat\u0131ld\u0131\u011f\u0131 s\u00f6yle\u015filer oldu. Sanat dolu sohbetleriyle b\u00fcy\u00fck ilgi g\u00f6ren Can ve K\u0131ra\u00e7, hayranlar\u0131yla samimi bir diyalog kurdu. Ayr\u0131ca, <strong>Ya\u015far G\u00fcrsoy<\/strong> ve <strong>\u00d6zer Akdemir<\/strong> de de\u011ferli payla\u015f\u0131mlar\u0131yla etkinli\u011fe renk katt\u0131.<\/p>\n<\/p>\n<p><\/p>\n<p><h3>Yazarlar Okurlar\u0131yla Bulu\u015ftu<\/h3>\n<\/p>\n<p><\/p>\n<p><p><strong>Kitap G\u00fcnleri<\/strong>&#8216;nde bir\u00e7ok \u00fcnl\u00fc yazar da okurlar\u0131yla bir araya geldi. <strong>Ayliz Filiz<\/strong>, <strong>Serhan Keserlio\u011flu<\/strong>, <strong>Ozan Utku Ar\u0131can<\/strong>, <strong>G\u00fcl Ay\u015fe Aydemir Yald\u0131z<\/strong>, <strong>Birsen Tatar K\u0131l\u0131\u00e7<\/strong>, <strong>Engin Ar\u0131can<\/strong>, <strong>Mahsenem Yazal<\/strong> ve <strong>Dilek \u015een<\/strong>, imza g\u00fcnlerinde sevenleriyle bulu\u015farak kitaplar\u0131n\u0131 imzalad\u0131 ve sohbet etti.<\/p>\n<\/p>\n<p><\/p>\n<p><h3>\u00c7ocuklar \u0130\u00e7in Masal At\u00f6lyesi ve Yazar Bulu\u015fmas\u0131<\/h3>\n<\/p>\n<p><\/p>\n<p><p>Etkinlik, yaln\u0131zca yeti\u015fkinlere de\u011fil, \u00e7ocuklara da hitap etti. <strong>Dilek \u015een<\/strong>&#8216;in organize etti\u011fi &#8220;Luna&#8217;n\u0131n Kitap Kulesi Masal At\u00f6lyesi&#8221; ve &#8220;\u00c7ocuk Yazar Bulu\u015fmas\u0131&#8221; ile \u00e7ocuklar keyifli vakit ge\u00e7irdi. \u00c7ocuklar, masal dinleme ve yazarla tan\u0131\u015fma f\u0131rsat\u0131 buldu.<\/p>\n<\/p>\n<p><\/p>\n<p><h3>Meydanda M\u00fczik Co\u015fkusu<\/h3>\n<\/p>\n<p><\/p>\n<p><p>G\u00fcn boyunca <strong>Custom Grubu<\/strong>&#8216;nun \u015fark\u0131lar\u0131yla <strong>Cumhuriyet Meydan\u0131<\/strong>&#8216;nda m\u00fczik co\u015fkusu ya\u015fand\u0131. Grup, performanslar\u0131yla etkinli\u011fe ayr\u0131 bir renk katt\u0131.<\/p><\/p>\n","protected":false},"excerpt":{"rendered":"<p>Band\u0131rma&#8217;da Kitap G\u00fcnleri Co\u015fkusu Ya\u015fand\u0131 Band\u0131rma Belediyesi taraf\u0131ndan d\u00fczenlenen 7. Kitap G\u00fcnleri, 21 Eyl\u00fcl tarihinde Cumhuriyet Meydan\u0131&#8216;nda kitapseverleri bir araya getirdi. G\u00fcn boyunca dopdolu bir programla hem\u015fehrilerimiz keyifli anlar ya\u015fad\u0131. \u00dcnl\u00fc \u0130simler S\u00f6yle\u015fiyle Meydandayd\u0131 Etkinli\u011fin en dikkat \u00e7ekici anlar\u0131ndan biri,&#8230;<\/p>\n","protected":false},"author":1,"featured_media":34411,"comment_status":"closed","ping_status":"closed","sticky":false,"template":"","format":"standard","meta":{"footnotes":""},"categories":[36],"tags":[],"class_list":["post-34410","post","type-post","status-publish","format-standard","has-post-thumbnail","hentry","category-manset"],"_links":{"self":[{"href":"http:\/\/gazetevizyon.com\/index.php?rest_route=\/wp\/v2\/posts\/34410","targetHints":{"allow":["GET"]}}],"collection":[{"href":"http:\/\/gazetevizyon.com\/index.php?rest_route=\/wp\/v2\/posts"}],"about":[{"href":"http:\/\/gazetevizyon.com\/index.php?rest_route=\/wp\/v2\/types\/post"}],"author":[{"embeddable":true,"href":"http:\/\/gazetevizyon.com\/index.php?rest_route=\/wp\/v2\/users\/1"}],"replies":[{"embeddable":true,"href":"http:\/\/gazetevizyon.com\/index.php?rest_route=%2Fwp%2Fv2%2Fcomments&post=34410"}],"version-history":[{"count":1,"href":"http:\/\/gazetevizyon.com\/index.php?rest_route=\/wp\/v2\/posts\/34410\/revisions"}],"predecessor-version":[{"id":34419,"href":"http:\/\/gazetevizyon.com\/index.php?rest_route=\/wp\/v2\/posts\/34410\/revisions\/34419"}],"wp:featuredmedia":[{"embeddable":true,"href":"http:\/\/gazetevizyon.com\/index.php?rest_route=\/wp\/v2\/media\/34411"}],"wp:attachment":[{"href":"http:\/\/gazetevizyon.com\/index.php?rest_route=%2Fwp%2Fv2%2Fmedia&parent=34410"}],"wp:term":[{"taxonomy":"category","embeddable":true,"href":"http:\/\/gazetevizyon.com\/index.php?rest_route=%2Fwp%2Fv2%2Fcategories&post=34410"},{"taxonomy":"post_tag","embeddable":true,"href":"http:\/\/gazetevizyon.com\/index.php?rest_route=%2Fwp%2Fv2%2Ftags&post=34410"}],"curies":[{"name":"wp","href":"https:\/\/api.w.org\/{rel}","templated":true}]}}