{"id":34412,"date":"2025-09-22T02:39:40","date_gmt":"2025-09-22T02:39:40","guid":{"rendered":"http:\/\/gazetevizyon.com\/?p=34412"},"modified":"2025-09-22T02:39:40","modified_gmt":"2025-09-22T02:39:40","slug":"balikesir-ve-cevresinde-5-0-buyuklugunde-deprem","status":"publish","type":"post","link":"http:\/\/gazetevizyon.com\/?p=34412","title":{"rendered":"Bal\u0131kesir ve \u00c7evresinde 5.0 B\u00fcy\u00fckl\u00fc\u011f\u00fcnde Deprem"},"content":{"rendered":"<p>\n<h2>Bal\u0131kesir&#8217;de Deprem Ger\u00e7ekle\u015fti<\/h2>\n<\/p>\n<p><\/p>\n<p><p><strong>Bal\u0131kesir<\/strong> ve \u00e7evre illerde hissedilen 5.0 b\u00fcy\u00fckl\u00fc\u011f\u00fcndeki <strong>deprem<\/strong>, vatanda\u015flar aras\u0131nda endi\u015feye neden oldu. Deprem, merkez \u00fcss\u00fc S\u0131nd\u0131rg\u0131 il\u00e7esi Sinandede Mahallesi olarak belirlendi.<\/p>\n<\/p>\n<p><\/p>\n<p><h3>Deprem Hakk\u0131nda Bilgiler<\/h3>\n<\/p>\n<p><\/p>\n<p><p>S\u0131nd\u0131rg\u0131 Sinandede merkezli 5.0 b\u00fcy\u00fckl\u00fc\u011f\u00fcndeki deprem, Bal\u0131kesir&#8217;in yan\u0131 s\u0131ra kom\u015fu \u015fehirlerde de hissedildi. Yetkililer, depremde herhangi bir olumsuz durumun ya\u015fanmad\u0131\u011f\u0131n\u0131 belirtti. Deprem, saat &#8230;&#8217;da meydana geldi.<\/p>\n<\/p>\n<p><\/p>\n<p><h3>Vatanda\u015flara Ge\u00e7mi\u015f Olsun Dilekleri<\/h3>\n<\/p>\n<p><\/p>\n<p><p>Depremden etkilenen t\u00fcm yurtta\u015flara ge\u00e7mi\u015f olsun dileklerini ileten yetkililer, b\u00f6lgedeki son durumun yak\u0131ndan takip edildi\u011fini vurgulad\u0131. Deprem sonras\u0131 ekiplerin b\u00f6lgede incelemelerde bulundu\u011fu \u00f6\u011frenildi. <\/p>\n<\/p>\n<p><\/p>\n<p><ul>  <\/p>\n<ul>\n<li><strong>Merkez \u00dcss\u00fc:<\/strong> S\u0131nd\u0131rg\u0131 Sinandede Mahallesi<\/li>\n<p>  <\/p>\n<li><strong>B\u00fcy\u00fckl\u00fck:<\/strong> 5.0<\/li>\n<p>  <\/p>\n<li><strong>Etkilenen B\u00f6lgeler:<\/strong> Bal\u0131kesir ve kom\u015fu \u015fehirler<\/li>\n<\/ul>\n<p><\/ul>\n<\/p>\n<p><\/p>\n<p><p>Deprem sonras\u0131 herhangi bir hasar veya yaralanma rapor edilmemi\u015ftir. Yetkililer, vatanda\u015flar\u0131n sakin olmas\u0131n\u0131 ve yetkililerin a\u00e7\u0131klamalar\u0131n\u0131 takip etmesini istedi.<\/p><\/p>\n","protected":false},"excerpt":{"rendered":"<p>Bal\u0131kesir&#8217;de Deprem Ger\u00e7ekle\u015fti Bal\u0131kesir ve \u00e7evre illerde hissedilen 5.0 b\u00fcy\u00fckl\u00fc\u011f\u00fcndeki deprem, vatanda\u015flar aras\u0131nda endi\u015feye neden oldu. Deprem, merkez \u00fcss\u00fc S\u0131nd\u0131rg\u0131 il\u00e7esi Sinandede Mahallesi olarak belirlendi. Deprem Hakk\u0131nda Bilgiler S\u0131nd\u0131rg\u0131 Sinandede merkezli 5.0 b\u00fcy\u00fckl\u00fc\u011f\u00fcndeki deprem, Bal\u0131kesir&#8217;in yan\u0131 s\u0131ra kom\u015fu \u015fehirlerde de&#8230;<\/p>\n","protected":false},"author":1,"featured_media":34413,"comment_status":"closed","ping_status":"closed","sticky":false,"template":"","format":"standard","meta":{"footnotes":""},"categories":[23],"tags":[],"class_list":["post-34412","post","type-post","status-publish","format-standard","has-post-thumbnail","hentry","category-siyaset"],"_links":{"self":[{"href":"http:\/\/gazetevizyon.com\/index.php?rest_route=\/wp\/v2\/posts\/34412","targetHints":{"allow":["GET"]}}],"collection":[{"href":"http:\/\/gazetevizyon.com\/index.php?rest_route=\/wp\/v2\/posts"}],"about":[{"href":"http:\/\/gazetevizyon.com\/index.php?rest_route=\/wp\/v2\/types\/post"}],"author":[{"embeddable":true,"href":"http:\/\/gazetevizyon.com\/index.php?rest_route=\/wp\/v2\/users\/1"}],"replies":[{"embeddable":true,"href":"http:\/\/gazetevizyon.com\/index.php?rest_route=%2Fwp%2Fv2%2Fcomments&post=34412"}],"version-history":[{"count":1,"href":"http:\/\/gazetevizyon.com\/index.php?rest_route=\/wp\/v2\/posts\/34412\/revisions"}],"predecessor-version":[{"id":34418,"href":"http:\/\/gazetevizyon.com\/index.php?rest_route=\/wp\/v2\/posts\/34412\/revisions\/34418"}],"wp:featuredmedia":[{"embeddable":true,"href":"http:\/\/gazetevizyon.com\/index.php?rest_route=\/wp\/v2\/media\/34413"}],"wp:attachment":[{"href":"http:\/\/gazetevizyon.com\/index.php?rest_route=%2Fwp%2Fv2%2Fmedia&parent=34412"}],"wp:term":[{"taxonomy":"category","embeddable":true,"href":"http:\/\/gazetevizyon.com\/index.php?rest_route=%2Fwp%2Fv2%2Fcategories&post=34412"},{"taxonomy":"post_tag","embeddable":true,"href":"http:\/\/gazetevizyon.com\/index.php?rest_route=%2Fwp%2Fv2%2Ftags&post=34412"}],"curies":[{"name":"wp","href":"https:\/\/api.w.org\/{rel}","templated":true}]}}