{"id":34443,"date":"2025-09-22T17:36:44","date_gmt":"2025-09-22T17:36:44","guid":{"rendered":"http:\/\/gazetevizyon.com\/?p=34443"},"modified":"2025-09-22T17:36:44","modified_gmt":"2025-09-22T17:36:44","slug":"balikesirde-ahilik-haftasi-coskuyla-kutlandi","status":"publish","type":"post","link":"http:\/\/gazetevizyon.com\/?p=34443","title":{"rendered":"Bal\u0131kesir&#8217;de Ahilik Haftas\u0131 Co\u015fkuyla Kutland\u0131"},"content":{"rendered":"<p>\n<h2>Bal\u0131kesir&#8217;de Ahilik Haftas\u0131 Etkinlikleri Ba\u015flad\u0131<\/h2>\n<\/p>\n<p><\/p>\n<p>Bal\u0131kesir B\u00fcy\u00fck\u015fehir Belediyesi, <strong>Ahilik Haftas\u0131<\/strong> nedeniyle bir dizi etkinli\u011fe ev sahipli\u011fi yapt\u0131. Etkinlikler, Bal\u0131kesir Esnaf ve Sanatk\u00e2rlar\u0131 Odalar\u0131 Birli\u011fi Ba\u015fkan\u0131 Fehmi Erdem, y\u00f6netim kurulu \u00fcyeleri, il\u00e7e esnaf odalar\u0131 ba\u015fkanlar\u0131 ve Bal\u0131kesir Ticaret \u0130l M\u00fcd\u00fcr\u00fc \u0130lhan Pehlivan&#8217;\u0131n Bal\u0131kesir B\u00fcy\u00fck\u015fehir Belediyesi&#8217;nde a\u011f\u0131rlanmas\u0131yla ba\u015flad\u0131.<\/p>\n<p><\/p>\n<p><h3>Esnaf Temsilcileriyle Bulu\u015fma<\/h3>\n<\/p>\n<p><\/p>\n<p>Bal\u0131kesir B\u00fcy\u00fck\u015fehir Belediyesi Ba\u015fkan\u0131 Ahmet Ak\u0131n, esnaf temsilcileriyle bir araya gelerek <strong>Ahilik k\u00fclt\u00fcr\u00fcn\u00fcn<\/strong> \u00f6nemine vurgu yapt\u0131. Ba\u015fkan Ak\u0131n, <strong>esnaf\u0131n<\/strong> kent ekonomisindeki rol\u00fcne dikkat \u00e7ekti ve desteklerin devam edece\u011fini belirtti.<\/p>\n<p><\/p>\n<p><h3>Kortej Y\u00fcr\u00fcy\u00fc\u015f\u00fc ve Pa\u015fa Camii Meydan\u0131 Program\u0131<\/h3>\n<\/p>\n<p><\/p>\n<p>Protokol ve esnaf temsilcileri, Pa\u015fa Camii Meydan\u0131&#8217;nda bir <strong>kortej y\u00fcr\u00fcy\u00fc\u015f\u00fc<\/strong> ger\u00e7ekle\u015ftirdi. Y\u00fcr\u00fcy\u00fc\u015f\u00fcn ard\u0131ndan, Pa\u015fa Camii Meydan\u0131&#8217;nda bir program d\u00fczenlendi. Programda, <strong>Ahilik k\u00fclt\u00fcr\u00fcn\u00fcn<\/strong> de\u011ferleri olan karde\u015flik, d\u00fcr\u00fcstl\u00fck ve dayan\u0131\u015fma vurguland\u0131.<\/p>\n<p><\/p>\n<p><h3>Ahilik K\u00fclt\u00fcr\u00fcn\u00fcn Gelece\u011fe Ta\u015f\u0131nmas\u0131<\/h3>\n<\/p>\n<p><\/p>\n<p>Bal\u0131kesir B\u00fcy\u00fck\u015fehir Belediyesi, <strong>Ahilik k\u00fclt\u00fcr\u00fcn\u00fcn<\/strong> gelecek nesillere aktar\u0131lmas\u0131 i\u00e7in \u00e7e\u015fitli \u00e7al\u0131\u015fmalar yapmay\u0131 planl\u0131yor. Bu kapsamda, esnaf\u0131n e\u011fitimi ve desteklenmesi amac\u0131yla projeler geli\u015ftirilecek. Etkinlikler, <strong>karde\u015flik<\/strong> ve <strong>dayan\u0131\u015fma<\/strong> ruhunu ya\u015fatmay\u0131 ama\u00e7l\u0131yor.<\/p>\n<p><\/p>\n<p><ul>  <\/p>\n<ul>\n<li>Bal\u0131kesir B\u00fcy\u00fck\u015fehir Belediyesi taraf\u0131ndan d\u00fczenlenen Ahilik Haftas\u0131 etkinlikleri devam edecek.<\/li>\n<p>  <\/p>\n<li>Esnaf ve sanatk\u00e2rlar\u0131n kent ekonomisine katk\u0131lar\u0131 vurguland\u0131.<\/li>\n<p>  <\/p>\n<li>Ahilik k\u00fclt\u00fcr\u00fcn\u00fcn de\u011ferleri gelecek nesillere aktar\u0131lacak.<\/li>\n<\/ul>\n<p><\/ul><\/p>\n","protected":false},"excerpt":{"rendered":"<p>Bal\u0131kesir&#8217;de Ahilik Haftas\u0131 Etkinlikleri Ba\u015flad\u0131 Bal\u0131kesir B\u00fcy\u00fck\u015fehir Belediyesi, Ahilik Haftas\u0131 nedeniyle bir dizi etkinli\u011fe ev sahipli\u011fi yapt\u0131. Etkinlikler, Bal\u0131kesir Esnaf ve Sanatk\u00e2rlar\u0131 Odalar\u0131 Birli\u011fi Ba\u015fkan\u0131 Fehmi Erdem, y\u00f6netim kurulu \u00fcyeleri, il\u00e7e esnaf odalar\u0131 ba\u015fkanlar\u0131 ve Bal\u0131kesir Ticaret \u0130l M\u00fcd\u00fcr\u00fc \u0130lhan&#8230;<\/p>\n","protected":false},"author":1,"featured_media":34444,"comment_status":"closed","ping_status":"closed","sticky":false,"template":"","format":"standard","meta":{"footnotes":""},"categories":[36],"tags":[],"class_list":["post-34443","post","type-post","status-publish","format-standard","has-post-thumbnail","hentry","category-manset"],"_links":{"self":[{"href":"http:\/\/gazetevizyon.com\/index.php?rest_route=\/wp\/v2\/posts\/34443","targetHints":{"allow":["GET"]}}],"collection":[{"href":"http:\/\/gazetevizyon.com\/index.php?rest_route=\/wp\/v2\/posts"}],"about":[{"href":"http:\/\/gazetevizyon.com\/index.php?rest_route=\/wp\/v2\/types\/post"}],"author":[{"embeddable":true,"href":"http:\/\/gazetevizyon.com\/index.php?rest_route=\/wp\/v2\/users\/1"}],"replies":[{"embeddable":true,"href":"http:\/\/gazetevizyon.com\/index.php?rest_route=%2Fwp%2Fv2%2Fcomments&post=34443"}],"version-history":[{"count":1,"href":"http:\/\/gazetevizyon.com\/index.php?rest_route=\/wp\/v2\/posts\/34443\/revisions"}],"predecessor-version":[{"id":34457,"href":"http:\/\/gazetevizyon.com\/index.php?rest_route=\/wp\/v2\/posts\/34443\/revisions\/34457"}],"wp:featuredmedia":[{"embeddable":true,"href":"http:\/\/gazetevizyon.com\/index.php?rest_route=\/wp\/v2\/media\/34444"}],"wp:attachment":[{"href":"http:\/\/gazetevizyon.com\/index.php?rest_route=%2Fwp%2Fv2%2Fmedia&parent=34443"}],"wp:term":[{"taxonomy":"category","embeddable":true,"href":"http:\/\/gazetevizyon.com\/index.php?rest_route=%2Fwp%2Fv2%2Fcategories&post=34443"},{"taxonomy":"post_tag","embeddable":true,"href":"http:\/\/gazetevizyon.com\/index.php?rest_route=%2Fwp%2Fv2%2Ftags&post=34443"}],"curies":[{"name":"wp","href":"https:\/\/api.w.org\/{rel}","templated":true}]}}