{"id":34463,"date":"2025-09-22T20:43:40","date_gmt":"2025-09-22T20:43:40","guid":{"rendered":"http:\/\/gazetevizyon.com\/?p=34463"},"modified":"2025-09-22T20:43:40","modified_gmt":"2025-09-22T20:43:40","slug":"sindirgi-gordes-yolu-acildi-sehirler-arasi-baglanti-ve-dostluk-koprusu","status":"publish","type":"post","link":"http:\/\/gazetevizyon.com\/?p=34463","title":{"rendered":"S\u0131nd\u0131rg\u0131-G\u00f6rdes Yolu A\u00e7\u0131ld\u0131: \u015eehirler Aras\u0131 Ba\u011flant\u0131 ve Dostluk K\u00f6pr\u00fcs\u00fc"},"content":{"rendered":"<p>\n<h2>S\u0131nd\u0131rg\u0131<\/p>\n<ul>\n<li>G\u00f6rdes Yolu Hizmete A\u00e7\u0131ld\u0131<\/h2>\n<\/li>\n<p><\/p>\n<p>Bug\u00fcn S\u0131nd\u0131rg\u0131<\/p>\n<li>G\u00f6rdes Yolu&#8217;nun a\u00e7\u0131l\u0131\u015f t\u00f6reni ger\u00e7ekle\u015ftirildi. T\u00f6rene kat\u0131lan hem\u015fehrilerle bir araya gelmenin mutlulu\u011fu ya\u015fan\u0131rken, yolun \u015fehirler aras\u0131 ula\u015f\u0131m\u0131 kolayla\u015ft\u0131rmas\u0131 ve dostluk ba\u011flar\u0131n\u0131 g\u00fc\u00e7lendirmesi vurguland\u0131.<\/p>\n<\/li>\n<\/ul>\n<p><\/p>\n<p><h3>Belediye Ba\u015fkanlar\u0131n\u0131n Ortak \u00c7al\u0131\u015fmas\u0131<\/h3>\n<p><\/p>\n<p>Bal\u0131kesir B\u00fcy\u00fck\u015fehir Belediye Ba\u015fkan\u0131 Ahmet Ak\u0131n, Manisa B\u00fcy\u00fck\u015fehir Belediye Ba\u015fkan\u0131 Besim Dutlulu, S\u0131nd\u0131rg\u0131 Belediye Ba\u015fkan\u0131 Serkan Sak ve G\u00f6rdes Belediye Ba\u015fkan\u0131 \u0130brahim B\u00fcke&#8217;nin ortak \u00e7abalar\u0131yla hayata ge\u00e7en yol projesi, b\u00f6lgesel kalk\u0131nmaya \u00f6nemli katk\u0131 sa\u011fl\u0131yor. <strong>Yolun tamamlanmas\u0131yla \u015fehirler aras\u0131 ula\u015f\u0131m\u0131n yan\u0131 s\u0131ra ekonomik ve sosyal ili\u015fkilerin de g\u00fc\u00e7lendi\u011fi belirtildi.<\/strong><\/p>\n<\/p>\n<p><\/p>\n<p><h3>Zorluklara Ra\u011fmen Ba\u015far\u0131l\u0131 \u0130\u015f Birli\u011fi<\/h3>\n<p><\/p>\n<p>Projenin hayata ge\u00e7irilmesi s\u00fcrecinde kar\u015f\u0131la\u015f\u0131lan zorluklara ra\u011fmen, belediyelerin halk i\u00e7in hizmet verme kararl\u0131l\u0131\u011f\u0131 \u00f6ne \u00e7\u0131kt\u0131. A\u00e7\u0131l\u0131\u015fta yap\u0131lan konu\u015fmalarda, belediyeleri y\u0131pratma \u00e7abalar\u0131na ve alg\u0131 operasyonlar\u0131na kar\u015f\u0131 dayan\u0131\u015fman\u0131n \u00f6nemi vurguland\u0131.<\/p>\n<\/p>\n<p><\/p>\n<p><p>Yol yap\u0131m\u0131nda eme\u011fi ge\u00e7en t\u00fcm \u00e7al\u0131\u015fanlara ve payda\u015flara te\u015fekk\u00fcr edilirken, projenin b\u00f6lge halk\u0131na hay\u0131rl\u0131 olmas\u0131 temennisinde bulunuldu. Bu anlaml\u0131 hizmetin, \u015fehirler aras\u0131 ba\u011flant\u0131y\u0131 g\u00fc\u00e7lendirmenin yan\u0131 s\u0131ra dostluk k\u00f6pr\u00fclerini de peki\u015ftirmesi bekleniyor.<\/p><\/p>\n","protected":false},"excerpt":{"rendered":"<p>S\u0131nd\u0131rg\u0131 G\u00f6rdes Yolu Hizmete A\u00e7\u0131ld\u0131 Bug\u00fcn S\u0131nd\u0131rg\u0131 G\u00f6rdes Yolu&#8217;nun a\u00e7\u0131l\u0131\u015f t\u00f6reni ger\u00e7ekle\u015ftirildi. T\u00f6rene kat\u0131lan hem\u015fehrilerle bir araya gelmenin mutlulu\u011fu ya\u015fan\u0131rken, yolun \u015fehirler aras\u0131 ula\u015f\u0131m\u0131 kolayla\u015ft\u0131rmas\u0131 ve dostluk ba\u011flar\u0131n\u0131 g\u00fc\u00e7lendirmesi vurguland\u0131. Belediye Ba\u015fkanlar\u0131n\u0131n Ortak \u00c7al\u0131\u015fmas\u0131 Bal\u0131kesir B\u00fcy\u00fck\u015fehir Belediye Ba\u015fkan\u0131 Ahmet Ak\u0131n,&#8230;<\/p>\n","protected":false},"author":1,"featured_media":34464,"comment_status":"closed","ping_status":"closed","sticky":false,"template":"","format":"standard","meta":{"footnotes":""},"categories":[23],"tags":[],"class_list":["post-34463","post","type-post","status-publish","format-standard","has-post-thumbnail","hentry","category-siyaset"],"_links":{"self":[{"href":"http:\/\/gazetevizyon.com\/index.php?rest_route=\/wp\/v2\/posts\/34463","targetHints":{"allow":["GET"]}}],"collection":[{"href":"http:\/\/gazetevizyon.com\/index.php?rest_route=\/wp\/v2\/posts"}],"about":[{"href":"http:\/\/gazetevizyon.com\/index.php?rest_route=\/wp\/v2\/types\/post"}],"author":[{"embeddable":true,"href":"http:\/\/gazetevizyon.com\/index.php?rest_route=\/wp\/v2\/users\/1"}],"replies":[{"embeddable":true,"href":"http:\/\/gazetevizyon.com\/index.php?rest_route=%2Fwp%2Fv2%2Fcomments&post=34463"}],"version-history":[{"count":1,"href":"http:\/\/gazetevizyon.com\/index.php?rest_route=\/wp\/v2\/posts\/34463\/revisions"}],"predecessor-version":[{"id":34473,"href":"http:\/\/gazetevizyon.com\/index.php?rest_route=\/wp\/v2\/posts\/34463\/revisions\/34473"}],"wp:featuredmedia":[{"embeddable":true,"href":"http:\/\/gazetevizyon.com\/index.php?rest_route=\/wp\/v2\/media\/34464"}],"wp:attachment":[{"href":"http:\/\/gazetevizyon.com\/index.php?rest_route=%2Fwp%2Fv2%2Fmedia&parent=34463"}],"wp:term":[{"taxonomy":"category","embeddable":true,"href":"http:\/\/gazetevizyon.com\/index.php?rest_route=%2Fwp%2Fv2%2Fcategories&post=34463"},{"taxonomy":"post_tag","embeddable":true,"href":"http:\/\/gazetevizyon.com\/index.php?rest_route=%2Fwp%2Fv2%2Ftags&post=34463"}],"curies":[{"name":"wp","href":"https:\/\/api.w.org\/{rel}","templated":true}]}}