{"id":3448,"date":"2019-03-27T07:57:22","date_gmt":"2019-03-27T07:57:22","guid":{"rendered":"http:\/\/gazetevizyon.com\/?p=3448"},"modified":"2019-03-27T07:57:24","modified_gmt":"2019-03-27T07:57:24","slug":"balikesir-ulku-ocaklarindan-basin-aciklamasi","status":"publish","type":"post","link":"http:\/\/gazetevizyon.com\/?p=3448","title":{"rendered":"BALIKES\u0130R \u00dcLK\u00dc OCAKLARINDAN BASIN A\u00c7IKLAMASI"},"content":{"rendered":"\n<p><strong>\u201cBALIKES\u0130R\u2019\u0130 KAND\u0130L\nUZANTILARINA TESL\u0130M ETMEYECE\u011e\u0130Z\u201d<\/strong><\/p>\n\n\n\n<p>\u00dclk\u00fc\nOcaklar\u0131 \u0130l Ba\u015fkanl\u0131\u011f\u0131, PKK ve HDP ba\u011flant\u0131lar\u0131 nedeniyle Millet \u0130ttifak\u0131 Aday\u0131\n\u0130smail Ok\u2019a sert \u00e7\u0131kt\u0131. Bal\u0131kesir\u2019i PKK uzant\u0131lar\u0131na teslim etmeyeceklerini\nifade eden \u00dclk\u00fc Ocaklar\u0131 \u0130l Ba\u015fkan\u0131 Halil G\u00f6rmen, \u201c<strong>Bal\u0131kesir\u2019de ya\u015fanan olaylar, bir bela, bir veba gibi yay\u0131lm\u0131\u015f, i\u00e7imize\nsinmez olmu\u015ftur. \u00dclk\u00fcm\u00fcz\u00fc sat\u0131p FET\u00d6-Kandil tezgah\u0131n\u0131n kuca\u011f\u0131na oturan \u0130smail\nOk, barda\u011f\u0131 ta\u015f\u0131rm\u0131\u015ft\u0131r\u201d <\/strong>dedi. <\/p>\n\n\n\n<p>\u00dclk\u00fc\nOcaklar\u0131 \u0130l Ba\u015fkanl\u0131\u011f\u0131, \u0130Y\u0130 Parti Bal\u0131kesir B\u00fcy\u00fck\u015fehir Belediye Ba\u015fkan Aday\u0131\n\u0130smail Ok\u2019un ve Millet \u0130ttifak\u0131\u2019n\u0131n PKK ve HDP ba\u011flant\u0131lar\u0131 nedeniyle\nAlacamescit\u2019in \u00f6n\u00fcnde bas\u0131n a\u00e7\u0131klamas\u0131 d\u00fczenledi. \u0130Y\u0130 Parti Bal\u0131kesir\nB\u00fcy\u00fck\u015fehir Belediye Ba\u015fkan Aday\u0131 \u0130smail Ok\u2019un FET\u00d6- Kandil tezg\u00e2h\u0131n\u0131n kuca\u011f\u0131na\noturmakla su\u00e7layan \u00dclk\u00fc Ocaklar\u0131 \u0130l Ba\u015fkan\u0131 Halil G\u00f6rmen, \u201c&nbsp; <strong>8\nMay\u0131s 1919\u2019da Kuva-yi Milliye ate\u015fini yakan 41 bayrak adam\u0131n torunlar\u0131 olarak\nbizler, burada toplanm\u0131\u015f bulunmaktay\u0131z. Bu kutlu mekanda bulunmam\u0131z\u0131n nedeni,\nZillet \u0130ttifak\u0131\u2019n\u0131n yerel se\u00e7imlere PKK lekesi bula\u015ft\u0131rmak istemesidir.\n\u00dclk\u00fcda\u015flar\u0131m! Bal\u0131kesir\u2019de ya\u015fanan olaylar, bir bela, bir veba gibi yay\u0131lm\u0131\u015f,\ni\u00e7imize sinmez olmu\u015ftur. \u00dclk\u00fcm\u00fcz\u00fc sat\u0131p FET\u00d6-Kandil tezgah\u0131n\u0131n kuca\u011f\u0131na oturan\n\u0130smail Ok, barda\u011f\u0131 ta\u015f\u0131rm\u0131\u015ft\u0131r<\/strong>\u201d dedi. &nbsp;<\/p>\n\n\n\n<figure class=\"wp-block-image\"><img decoding=\"async\" src=\"http:\/\/balikesirgercek.com\/wp-content\/uploads\/2019\/03\/2-6-1024x576.jpg\" alt=\"\" class=\"wp-image-3581\"\/><\/figure>\n\n\n\n<p><strong>\u201cB\u00dcY\u00dcK\u015eEH\u0130R\u2019\u0130 PKK\nUZANTILARINA PE\u015eKE\u015e \u00c7EKEN \u0130SMA\u0130L OK\u201d<\/strong><\/p>\n\n\n\n<p>\u0130smail\nOk\u2019un T\u00fcrk milletinin milli ve manevi de\u011ferlerine dil uzatanlarla yol\narkada\u015fl\u0131\u011f\u0131 yapt\u0131\u011f\u0131n\u0131 ifade eden \u00dclk\u00fc Ocaklar\u0131 \u0130l Ba\u015fkan\u0131 Halil G\u00f6rmen, \u201c Mehmet\u00e7ik,\nPKK\u2019ya kar\u015f\u0131 silah b\u0131raks\u0131n diyen \u015fehit cenazesinde \u00fclk\u00fcc\u00fclere \u201cAs\u0131l gerilla\nbunlar\u201d diye seslenen CHP\u2019li eski vekil Mehmet T\u00fcm\u2019\u00fcn yan\u0131nda utanmadan bozkurt\nyapan \u0130smail Ok. \u201cOylar K\u00fcrdistan\u2019a\u201d diyen Edremitli ne id\u00fc\u011f\u00fc belirsiz rant\u00e7\u0131lara,\n\u201cK\u00fcrdistan\u2019a oy vermek CHP\u2019ye oy vermek\u201d diye cevap veren Zillet \u0130ttifak\u0131na ses\n\u00e7\u0131kartmayan \u0130smail Ok. Erdek\u2019te de\u011ferlerimizle, dualar\u0131m\u0131zla Allah\u2019\u0131n ayetiyle\nalay eden Zillet \u0130ttifak\u0131\u2019n\u0131n aday\u0131na ses \u00e7\u0131karmayan, hatta k\u00fcrs\u00fcde g\u00fclen\n\u0130smail Ok. G\u00f6me\u00e7\u2019te ve Burhaniye\u2019de PKK\u2019l\u0131lara listeye sokan \u0130smail Ok ve son\nolarak kapal\u0131 kap\u0131lar ard\u0131ndan, B\u00fcy\u00fck\u015fehir kadrolar\u0131n\u0131 ve y\u00f6netim koltuklar\u0131n\u0131\nPKK uzant\u0131lar\u0131na pe\u015fke\u015f \u00e7eken \u0130smail Ok\u201d dedi. <\/p>\n\n\n\n<figure class=\"wp-block-image\"><img decoding=\"async\" src=\"http:\/\/balikesirgercek.com\/wp-content\/uploads\/2019\/03\/3-4-1024x576.jpg\" alt=\"\" class=\"wp-image-3582\"\/><\/figure>\n\n\n\n<p><strong>\u201c\u0130HANET OKLARINI BALIKES\u0130R\u2019E\n\u00c7EV\u0130RTT\u0130RMEYECE\u011e\u0130Z\u201d <\/strong><\/p>\n\n\n\n<p>\u00dclk\u00fc\nOcaklar\u0131 olarak Bal\u0131kesir\u2019in PKK ve uzant\u0131lar\u0131na teslim etmeyeceklerini\nvurgulayan G\u00f6rmen, \u201c Alacamescit\u2019ten sesleniyoruz. Biz \u00fclk\u00fcc\u00fcler, 41 bayrak\nadam\u0131n torunlar\u0131, Kuva-yi Milliye \u015fehri Bal\u0131kesir\u2019de bu kandil uzant\u0131lar\u0131n\u0131n\nbelediyelerimize girmesine asla m\u00fcsaade etmeyece\u011fiz. Bu co\u011frafyay\u0131 bu zillete\nteslim etmeyece\u011fiz. Zul\u00fcm ibaresini, ihanet oklar\u0131n\u0131 Bal\u0131kesir\u2019e\n\u00e7evirttirmeyece\u011fiz. Bu nedenle \u00fclk\u00fc ocaklar\u0131 olarak bizler, bilge liderimiz\nsay\u0131n Dr. Devlet Bah\u00e7eli\u2019nin evlatlar\u0131 olarak milli bekam\u0131z\u0131 koruyacak, Cumhur\n\u0130ttifak\u0131\u2019na sonuna kadar ba\u011fl\u0131 kalaca\u011f\u0131z\u201d dedi. <\/p>\n","protected":false},"excerpt":{"rendered":"<p>\u201cBALIKES\u0130R\u2019\u0130 KAND\u0130L UZANTILARINA TESL\u0130M ETMEYECE\u011e\u0130Z\u201d \u00dclk\u00fc Ocaklar\u0131 \u0130l Ba\u015fkanl\u0131\u011f\u0131, PKK ve HDP ba\u011flant\u0131lar\u0131 nedeniyle Millet \u0130ttifak\u0131 Aday\u0131 \u0130smail Ok\u2019a sert \u00e7\u0131kt\u0131. Bal\u0131kesir\u2019i PKK uzant\u0131lar\u0131na teslim etmeyeceklerini ifade eden \u00dclk\u00fc Ocaklar\u0131 \u0130l Ba\u015fkan\u0131 Halil G\u00f6rmen, \u201cBal\u0131kesir\u2019de ya\u015fanan olaylar, bir bela, bir&#8230;<\/p>\n","protected":false},"author":3,"featured_media":3449,"comment_status":"open","ping_status":"open","sticky":false,"template":"","format":"standard","meta":{"footnotes":""},"categories":[20,36],"tags":[],"class_list":["post-3448","post","type-post","status-publish","format-standard","has-post-thumbnail","hentry","category-guncel","category-manset"],"_links":{"self":[{"href":"http:\/\/gazetevizyon.com\/index.php?rest_route=\/wp\/v2\/posts\/3448","targetHints":{"allow":["GET"]}}],"collection":[{"href":"http:\/\/gazetevizyon.com\/index.php?rest_route=\/wp\/v2\/posts"}],"about":[{"href":"http:\/\/gazetevizyon.com\/index.php?rest_route=\/wp\/v2\/types\/post"}],"author":[{"embeddable":true,"href":"http:\/\/gazetevizyon.com\/index.php?rest_route=\/wp\/v2\/users\/3"}],"replies":[{"embeddable":true,"href":"http:\/\/gazetevizyon.com\/index.php?rest_route=%2Fwp%2Fv2%2Fcomments&post=3448"}],"version-history":[{"count":1,"href":"http:\/\/gazetevizyon.com\/index.php?rest_route=\/wp\/v2\/posts\/3448\/revisions"}],"predecessor-version":[{"id":3450,"href":"http:\/\/gazetevizyon.com\/index.php?rest_route=\/wp\/v2\/posts\/3448\/revisions\/3450"}],"wp:featuredmedia":[{"embeddable":true,"href":"http:\/\/gazetevizyon.com\/index.php?rest_route=\/wp\/v2\/media\/3449"}],"wp:attachment":[{"href":"http:\/\/gazetevizyon.com\/index.php?rest_route=%2Fwp%2Fv2%2Fmedia&parent=3448"}],"wp:term":[{"taxonomy":"category","embeddable":true,"href":"http:\/\/gazetevizyon.com\/index.php?rest_route=%2Fwp%2Fv2%2Fcategories&post=3448"},{"taxonomy":"post_tag","embeddable":true,"href":"http:\/\/gazetevizyon.com\/index.php?rest_route=%2Fwp%2Fv2%2Ftags&post=3448"}],"curies":[{"name":"wp","href":"https:\/\/api.w.org\/{rel}","templated":true}]}}