{"id":34725,"date":"2025-09-26T21:06:02","date_gmt":"2025-09-26T21:06:02","guid":{"rendered":"http:\/\/gazetevizyon.com\/?p=34725"},"modified":"2025-09-26T21:06:02","modified_gmt":"2025-09-26T21:06:02","slug":"chp-marmara-ilce-kongresinde-nevzat-baskan-yeniden-secildi","status":"publish","type":"post","link":"http:\/\/gazetevizyon.com\/?p=34725","title":{"rendered":"CHP Marmara \u0130l\u00e7e Kongresi&#8217;nde Nevzat Ba\u015fkan Yeniden Se\u00e7ildi"},"content":{"rendered":"<p>\n<h2>CHP&#8217;de Marmara \u0130l\u00e7e Kongresi Ger\u00e7ekle\u015fti<\/h2>\n<\/p>\n<p><\/p>\n<p>K\u00f6t\u00fc hava ko\u015fullar\u0131 nedeniyle CHP Bal\u0131kesir \u0130l Ba\u015fkanl\u0131\u011f\u0131, 39. Ola\u011fan Marmara \u0130l\u00e7e Kongresi&#8217;ne kat\u0131lamad\u0131\u011f\u0131n\u0131 duyurdu. Kongrede, Cumhuriyet Halk Partisi (CHP) \u00fcyeleri taraf\u0131ndan yeniden \u0130l\u00e7e Ba\u015fkanl\u0131\u011f\u0131na se\u00e7ilen Nevzat Ba\u015fkan ve y\u00f6netim kurulu \u00fcyeleri kutland\u0131.<\/p>\n<p><\/p>\n<p><h3>Nevzat Ba\u015fkan&#8217;\u0131n Yeniden Se\u00e7ilmesi<\/h3>\n<\/p>\n<p><\/p>\n<p>CHP Bal\u0131kesir \u0130l Ba\u015fkanl\u0131\u011f\u0131, Nevzat Ba\u015fkan&#8217;\u0131n yeniden se\u00e7ilmesini co\u015fkuyla kar\u015f\u0131lad\u0131. <strong>Nevzat Ba\u015fkan, kongrede elde etti\u011fi ba\u015far\u0131yla partinin Marmara&#8217;daki \u00f6rg\u00fctl\u00fc m\u00fccadelesini daha ileriye ta\u015f\u0131ma hedefiyle yola koyuldu.<\/strong><\/p>\n<p><\/p>\n<p><h3>CHP&#8217;nin \u00d6rg\u00fctl\u00fc M\u00fccadelesi<\/h3>\n<\/p>\n<p><\/p>\n<p>CHP Bal\u0131kesir \u0130l Ba\u015fkanl\u0131\u011f\u0131, partinin \u00f6rg\u00fctl\u00fc m\u00fccadelesinin Marmara&#8217;da daha da ileriye ta\u015f\u0131naca\u011f\u0131na inan\u0131yor. Bu do\u011frultuda, Nevzat Ba\u015fkan ve y\u00f6netim kurulu \u00fcyelerine ba\u015far\u0131lar diledi.<\/p>\n<p><\/p>\n<p><p>Kongreye kat\u0131lamayan CHP Bal\u0131kesir \u0130l Ba\u015fkanl\u0131\u011f\u0131, k\u00f6t\u00fc hava ko\u015fullar\u0131na ra\u011fmen partililerin g\u00f6sterdi\u011fi demokrasiye olan ba\u011fl\u0131l\u0131\u011f\u0131na vurgu yapt\u0131.<\/p>\n<\/p>\n<p><\/p>\n<p><ul>  <\/p>\n<ul>\n<li><strong>CHP Bal\u0131kesir \u0130l Ba\u015fkanl\u0131\u011f\u0131<\/strong>, Nevzat Ba\u015fkan&#8217;\u0131 yeniden se\u00e7ilmesinden dolay\u0131 tebrik etti.<\/li>\n<p>  <\/p>\n<li><strong>Kongre<\/strong>, Marmara il\u00e7esinde ger\u00e7ekle\u015ftirildi.<\/li>\n<p>  <\/p>\n<li><strong>Hedef<\/strong>, partinin \u00f6rg\u00fctl\u00fc m\u00fccadelesini daha da ileriye ta\u015f\u0131makt\u0131r.<\/li>\n<\/ul>\n<p><\/ul><\/p>\n","protected":false},"excerpt":{"rendered":"<p>CHP&#8217;de Marmara \u0130l\u00e7e Kongresi Ger\u00e7ekle\u015fti K\u00f6t\u00fc hava ko\u015fullar\u0131 nedeniyle CHP Bal\u0131kesir \u0130l Ba\u015fkanl\u0131\u011f\u0131, 39. Ola\u011fan Marmara \u0130l\u00e7e Kongresi&#8217;ne kat\u0131lamad\u0131\u011f\u0131n\u0131 duyurdu. Kongrede, Cumhuriyet Halk Partisi (CHP) \u00fcyeleri taraf\u0131ndan yeniden \u0130l\u00e7e Ba\u015fkanl\u0131\u011f\u0131na se\u00e7ilen Nevzat Ba\u015fkan ve y\u00f6netim kurulu \u00fcyeleri kutland\u0131. Nevzat Ba\u015fkan&#8217;\u0131n&#8230;<\/p>\n","protected":false},"author":1,"featured_media":34726,"comment_status":"closed","ping_status":"closed","sticky":false,"template":"","format":"standard","meta":{"footnotes":""},"categories":[23],"tags":[],"class_list":["post-34725","post","type-post","status-publish","format-standard","has-post-thumbnail","hentry","category-siyaset"],"_links":{"self":[{"href":"http:\/\/gazetevizyon.com\/index.php?rest_route=\/wp\/v2\/posts\/34725","targetHints":{"allow":["GET"]}}],"collection":[{"href":"http:\/\/gazetevizyon.com\/index.php?rest_route=\/wp\/v2\/posts"}],"about":[{"href":"http:\/\/gazetevizyon.com\/index.php?rest_route=\/wp\/v2\/types\/post"}],"author":[{"embeddable":true,"href":"http:\/\/gazetevizyon.com\/index.php?rest_route=\/wp\/v2\/users\/1"}],"replies":[{"embeddable":true,"href":"http:\/\/gazetevizyon.com\/index.php?rest_route=%2Fwp%2Fv2%2Fcomments&post=34725"}],"version-history":[{"count":1,"href":"http:\/\/gazetevizyon.com\/index.php?rest_route=\/wp\/v2\/posts\/34725\/revisions"}],"predecessor-version":[{"id":34732,"href":"http:\/\/gazetevizyon.com\/index.php?rest_route=\/wp\/v2\/posts\/34725\/revisions\/34732"}],"wp:featuredmedia":[{"embeddable":true,"href":"http:\/\/gazetevizyon.com\/index.php?rest_route=\/wp\/v2\/media\/34726"}],"wp:attachment":[{"href":"http:\/\/gazetevizyon.com\/index.php?rest_route=%2Fwp%2Fv2%2Fmedia&parent=34725"}],"wp:term":[{"taxonomy":"category","embeddable":true,"href":"http:\/\/gazetevizyon.com\/index.php?rest_route=%2Fwp%2Fv2%2Fcategories&post=34725"},{"taxonomy":"post_tag","embeddable":true,"href":"http:\/\/gazetevizyon.com\/index.php?rest_route=%2Fwp%2Fv2%2Ftags&post=34725"}],"curies":[{"name":"wp","href":"https:\/\/api.w.org\/{rel}","templated":true}]}}