{"id":34821,"date":"2025-09-29T12:07:20","date_gmt":"2025-09-29T12:07:20","guid":{"rendered":"http:\/\/gazetevizyon.com\/?p=34821"},"modified":"2025-09-29T12:07:20","modified_gmt":"2025-09-29T12:07:20","slug":"volkan-konak-balikesirde-anilacak","status":"publish","type":"post","link":"http:\/\/gazetevizyon.com\/?p=34821","title":{"rendered":"Volkan Konak, Bal\u0131kesir&#8217;de An\u0131lacak"},"content":{"rendered":"<p>\n<h2>Volkan Konak Bal\u0131kesir&#8217;de Unutulmayacak<\/h2>\n<p><\/p>\n<p>Bal\u0131kesir B\u00fcy\u00fck\u015fehir Belediyesi, Karadeniz m\u00fczi\u011finin efsanevi ismi <strong>Volkan Konak<\/strong> i\u00e7in anma konseri d\u00fczenliyor. Konser, sanat\u00e7\u0131y\u0131 \u015fark\u0131lar\u0131, dostlu\u011fu ve b\u0131rakt\u0131\u011f\u0131 g\u00fczel hat\u0131ralarla y\u00e2d etmek amac\u0131yla ger\u00e7ekle\u015ftirilecek.<\/p>\n<\/p>\n<p><\/p>\n<p><h3>\u00d6zel Konserin Konuklar\u0131<\/h3>\n<p><\/p>\n<p>Anma gecesinde, Karadeniz m\u00fczi\u011finin de\u011ferli ismi <strong>Resul Dindar<\/strong> ve sesiyle sevenlerinin y\u00fcre\u011fine dokunan <strong>Ekin Uzunlar<\/strong> sahne alacak. Sanat\u00e7\u0131lar, Volkan Konak&#8217;\u0131n miras\u0131na sayg\u0131 duru\u015fu niteli\u011findeki \u00f6zel repertuarlar\u0131yla dinleyicilerle bulu\u015facak.<\/p>\n<\/p>\n<p><\/p>\n<p><h3>Konser Tarihi ve Saati<\/h3>\n<p><\/p>\n<p>Volkan Konak anma konseri, <strong>3<\/p>\n<ul>\n<li>4 Ekim tarihlerinde<\/strong> Bal\u0131kesirlilerle bulu\u015facak. Program, 19.30&#8217;da ba\u015flayacak olup konser saat <strong>20.30&#8217;da<\/strong> start alacak.<\/p>\n<\/li>\n<\/ul>\n<p><\/p>\n<p><h3>Konser Mekan\u0131 ve Davet<\/h3>\n<p><\/p>\n<p>M\u00fczik dolu anma gecesi, <strong>Avlu Havuz Ba\u015f\u0131<\/strong> mevkiinde d\u00fczenlenecek. Bal\u0131kesir B\u00fcy\u00fck\u015fehir Belediye Ba\u015fkan\u0131 Ahmet Ak\u0131n, t\u00fcm hem\u015fehrilerini bu \u00f6zel bulu\u015fmaya davet etti.<\/p><\/p>\n","protected":false},"excerpt":{"rendered":"<p>Volkan Konak Bal\u0131kesir&#8217;de Unutulmayacak Bal\u0131kesir B\u00fcy\u00fck\u015fehir Belediyesi, Karadeniz m\u00fczi\u011finin efsanevi ismi Volkan Konak i\u00e7in anma konseri d\u00fczenliyor. Konser, sanat\u00e7\u0131y\u0131 \u015fark\u0131lar\u0131, dostlu\u011fu ve b\u0131rakt\u0131\u011f\u0131 g\u00fczel hat\u0131ralarla y\u00e2d etmek amac\u0131yla ger\u00e7ekle\u015ftirilecek. \u00d6zel Konserin Konuklar\u0131 Anma gecesinde, Karadeniz m\u00fczi\u011finin de\u011ferli ismi Resul Dindar&#8230;<\/p>\n","protected":false},"author":1,"featured_media":34822,"comment_status":"closed","ping_status":"closed","sticky":false,"template":"","format":"standard","meta":{"footnotes":""},"categories":[36],"tags":[],"class_list":["post-34821","post","type-post","status-publish","format-standard","has-post-thumbnail","hentry","category-manset"],"_links":{"self":[{"href":"http:\/\/gazetevizyon.com\/index.php?rest_route=\/wp\/v2\/posts\/34821","targetHints":{"allow":["GET"]}}],"collection":[{"href":"http:\/\/gazetevizyon.com\/index.php?rest_route=\/wp\/v2\/posts"}],"about":[{"href":"http:\/\/gazetevizyon.com\/index.php?rest_route=\/wp\/v2\/types\/post"}],"author":[{"embeddable":true,"href":"http:\/\/gazetevizyon.com\/index.php?rest_route=\/wp\/v2\/users\/1"}],"replies":[{"embeddable":true,"href":"http:\/\/gazetevizyon.com\/index.php?rest_route=%2Fwp%2Fv2%2Fcomments&post=34821"}],"version-history":[{"count":1,"href":"http:\/\/gazetevizyon.com\/index.php?rest_route=\/wp\/v2\/posts\/34821\/revisions"}],"predecessor-version":[{"id":34829,"href":"http:\/\/gazetevizyon.com\/index.php?rest_route=\/wp\/v2\/posts\/34821\/revisions\/34829"}],"wp:featuredmedia":[{"embeddable":true,"href":"http:\/\/gazetevizyon.com\/index.php?rest_route=\/wp\/v2\/media\/34822"}],"wp:attachment":[{"href":"http:\/\/gazetevizyon.com\/index.php?rest_route=%2Fwp%2Fv2%2Fmedia&parent=34821"}],"wp:term":[{"taxonomy":"category","embeddable":true,"href":"http:\/\/gazetevizyon.com\/index.php?rest_route=%2Fwp%2Fv2%2Fcategories&post=34821"},{"taxonomy":"post_tag","embeddable":true,"href":"http:\/\/gazetevizyon.com\/index.php?rest_route=%2Fwp%2Fv2%2Ftags&post=34821"}],"curies":[{"name":"wp","href":"https:\/\/api.w.org\/{rel}","templated":true}]}}