{"id":34887,"date":"2025-09-30T15:07:09","date_gmt":"2025-09-30T15:07:09","guid":{"rendered":"http:\/\/gazetevizyon.com\/?p=34887"},"modified":"2025-09-30T15:07:09","modified_gmt":"2025-09-30T15:07:09","slug":"marmara-aks-projesi-kapanis-toplantisi-ve-resim-sergisi-ile-son-buluyor","status":"publish","type":"post","link":"http:\/\/gazetevizyon.com\/?p=34887","title":{"rendered":"Marmara Aks Projesi Kapan\u0131\u015f Toplant\u0131s\u0131 ve Resim Sergisi ile Son Buluyor"},"content":{"rendered":"<p>\n<h2>Bir Y\u0131ll\u0131k K\u00fclt\u00fcr Sanat Maratonu Sona Eriyor<\/h2>\n<p><\/p>\n<p>Marmara Adalar\u0131&#8217;nda k\u00fclt\u00fcr ve sanat hayat\u0131n\u0131 canland\u0131rmay\u0131 hedefleyen Marmara Aks Projesi, bir y\u0131ll\u0131k \u00e7al\u0131\u015fman\u0131n ard\u0131ndan d\u00fczenlenecek bir etkinlikle tamamlan\u0131yor. <strong>3 Ekim Cuma g\u00fcn\u00fc saat 18:00&#8217;de<\/strong>, Avni Jale \u00d6zken Marmara Adalar M\u00fczesi&#8217;nde ger\u00e7ekle\u015ftirilecek olan Kapan\u0131\u015f Toplant\u0131s\u0131 ve Resim Sergisi, projenin bilan\u00e7osunu g\u00f6zler \u00f6n\u00fcne serecek.<\/p>\n<\/p>\n<p><\/p>\n<p><h3>Proje De\u011ferlendirmesi ve Gelecek Konu\u015fulacak<\/h3>\n<p><\/p>\n<p>Etkinlik kapsam\u0131nda ilk olarak bir bilgilendirme ve de\u011ferlendirme toplant\u0131s\u0131 yap\u0131lacak. Marmara Adalar Belediye Ba\u015fkan\u0131 Ayd\u0131n Din\u00e7er ve Proje Koordinat\u00f6r\u00fc Adil \u00c7amur, proje s\u00fcresince Marmara, Av\u015fa ve Ekinlik adalar\u0131nda hayata ge\u00e7irilen faaliyetleri anlatacak. Toplant\u0131da, adalarda <strong>kat\u0131l\u0131mc\u0131, kapsay\u0131c\u0131 ve s\u00fcrd\u00fcr\u00fclebilir bir k\u00fclt\u00fcr sanat ekosistemi<\/strong> olu\u015fturmak i\u00e7in gelece\u011fe d\u00f6n\u00fck imkanlar da masaya yat\u0131r\u0131lacak.<\/p>\n<\/p>\n<p><\/p>\n<p><h3>Adal\u0131 \u00c7ocuklar\u0131n Eserleri Sergilenecek<\/h3>\n<p><\/p>\n<p>De\u011ferlendirme toplant\u0131s\u0131n\u0131n ard\u0131ndan, projenin \u00f6nemli ayaklar\u0131ndan birini olu\u015fturan bir sanat etkinli\u011fine ge\u00e7ilecek. Adal\u0131 \u00e7ocuklar\u0131n Asmal\u0131&#8217;da yapt\u0131klar\u0131 resimlerden olu\u015fan bir serginin a\u00e7\u0131l\u0131\u015f\u0131 ger\u00e7ekle\u015ftirilecek. Sergi, projenin yerel halk, \u00f6zellikle de gen\u00e7ler \u00fczerindeki olumlu etkisini somut bir \u015fekilde yans\u0131tacak.<\/p>\n<\/p>\n<p><\/p>\n<p><h2>Marmara Aks Projesi&#8217;nin Hedefleri ve Ortaklar\u0131<\/h2>\n<p><\/p>\n<p>Marmara Aks Projesi, Galimi \u00c7\u0131narl\u0131 Derne\u011fi, Marmara Adalar Belediyesi ve Bal\u0131kesir B\u00fcy\u00fck\u015fehir Belediyesi ortakl\u0131\u011f\u0131nda y\u00fcr\u00fct\u00fcld\u00fc. Proje, \u0130stanbul K\u00fclt\u00fcr Sanat Vakf\u0131&#8217;n\u0131n (\u0130KSV) Avrupa Birli\u011fi deste\u011fiyle hayata ge\u00e7irdi\u011fi &#8220;Ortakla\u015fa: K\u00fclt\u00fcr, Diyalog ve Destek Program\u0131&#8221; kapsam\u0131nda finanse edildi.<\/p>\n<p><\/p>\n<p>Projenin temel ama\u00e7lar\u0131 \u015funlard\u0131:<\/p>\n<p><\/p>\n<ul><\/p>\n<ul>\n<li><strong>Adal\u0131lar\u0131n k\u00fclt\u00fcr ve sanata eri\u015fimini kolayla\u015ft\u0131rmak<\/strong><\/li>\n<p><\/p>\n<li>Marmara, Av\u015fa ve Ekinlik adalar\u0131ndaki k\u00fclt\u00fcrel hayat\u0131 canland\u0131rmak ve g\u00fc\u00e7lendirmek<\/li>\n<p><\/p>\n<li>B\u00f6lgede kal\u0131c\u0131 bir k\u00fclt\u00fcr\n<li>sanat altyap\u0131s\u0131 olu\u015fturmak i\u00e7in zemin haz\u0131rlamak<\/li>\n<\/li>\n<\/ul>\n<p><\/ul>\n<p><\/p>\n<p>Etkinlik, t\u00fcm adal\u0131lar ve konuya ilgi duyan herkesin kat\u0131l\u0131m\u0131na a\u00e7\u0131k olacak.<\/p><\/p>\n","protected":false},"excerpt":{"rendered":"<p>Bir Y\u0131ll\u0131k K\u00fclt\u00fcr Sanat Maratonu Sona Eriyor Marmara Adalar\u0131&#8217;nda k\u00fclt\u00fcr ve sanat hayat\u0131n\u0131 canland\u0131rmay\u0131 hedefleyen Marmara Aks Projesi, bir y\u0131ll\u0131k \u00e7al\u0131\u015fman\u0131n ard\u0131ndan d\u00fczenlenecek bir etkinlikle tamamlan\u0131yor. 3 Ekim Cuma g\u00fcn\u00fc saat 18:00&#8217;de, Avni Jale \u00d6zken Marmara Adalar M\u00fczesi&#8217;nde ger\u00e7ekle\u015ftirilecek olan&#8230;<\/p>\n","protected":false},"author":1,"featured_media":34888,"comment_status":"closed","ping_status":"closed","sticky":false,"template":"","format":"standard","meta":{"footnotes":""},"categories":[36],"tags":[],"class_list":["post-34887","post","type-post","status-publish","format-standard","has-post-thumbnail","hentry","category-manset"],"_links":{"self":[{"href":"http:\/\/gazetevizyon.com\/index.php?rest_route=\/wp\/v2\/posts\/34887","targetHints":{"allow":["GET"]}}],"collection":[{"href":"http:\/\/gazetevizyon.com\/index.php?rest_route=\/wp\/v2\/posts"}],"about":[{"href":"http:\/\/gazetevizyon.com\/index.php?rest_route=\/wp\/v2\/types\/post"}],"author":[{"embeddable":true,"href":"http:\/\/gazetevizyon.com\/index.php?rest_route=\/wp\/v2\/users\/1"}],"replies":[{"embeddable":true,"href":"http:\/\/gazetevizyon.com\/index.php?rest_route=%2Fwp%2Fv2%2Fcomments&post=34887"}],"version-history":[{"count":1,"href":"http:\/\/gazetevizyon.com\/index.php?rest_route=\/wp\/v2\/posts\/34887\/revisions"}],"predecessor-version":[{"id":34900,"href":"http:\/\/gazetevizyon.com\/index.php?rest_route=\/wp\/v2\/posts\/34887\/revisions\/34900"}],"wp:featuredmedia":[{"embeddable":true,"href":"http:\/\/gazetevizyon.com\/index.php?rest_route=\/wp\/v2\/media\/34888"}],"wp:attachment":[{"href":"http:\/\/gazetevizyon.com\/index.php?rest_route=%2Fwp%2Fv2%2Fmedia&parent=34887"}],"wp:term":[{"taxonomy":"category","embeddable":true,"href":"http:\/\/gazetevizyon.com\/index.php?rest_route=%2Fwp%2Fv2%2Fcategories&post=34887"},{"taxonomy":"post_tag","embeddable":true,"href":"http:\/\/gazetevizyon.com\/index.php?rest_route=%2Fwp%2Fv2%2Ftags&post=34887"}],"curies":[{"name":"wp","href":"https:\/\/api.w.org\/{rel}","templated":true}]}}