{"id":34962,"date":"2025-10-01T20:57:01","date_gmt":"2025-10-01T20:57:01","guid":{"rendered":"http:\/\/gazetevizyon.com\/?p=34962"},"modified":"2025-10-01T20:57:01","modified_gmt":"2025-10-01T20:57:01","slug":"marmarabirlik-yeni-sezon-zeytinyagi-alim-fiyatini-acikladi","status":"publish","type":"post","link":"http:\/\/gazetevizyon.com\/?p=34962","title":{"rendered":"Marmarabirlik Yeni Sezon Zeytinya\u011f\u0131 Al\u0131m Fiyat\u0131n\u0131 A\u00e7\u0131klad\u0131"},"content":{"rendered":"<p>\n<h2>Zeytin \u00dcreticilerini Sevindiren Haber<\/h2>\n<p><\/p>\n<p>Marmarabirlik, 2024<\/p>\n<ul>\n<li>2025 sezonu i\u00e7in nat\u00fcrel s\u0131zma zeytinya\u011f\u0131 al\u0131m fiyat\u0131n\u0131 kilogram ba\u015f\u0131na 180 TL olarak belirledi. <strong>Bu karar, b\u00f6lgedeki zeytin \u00fcreticileri i\u00e7in yeni sezonun beklentilerini \u015fekillendirdi.<\/strong> A\u00e7\u0131klanan fiyat, \u00f6n\u00fcm\u00fczdeki d\u00f6nemdeki pazar hareketlili\u011fi hakk\u0131nda da \u00f6nemli bir g\u00f6sterge olarak de\u011ferlendiriliyor.<\/p>\n<\/li>\n<\/ul>\n<p><\/p>\n<p><h3>Al\u0131m S\u00fcreci ve Ko\u015fullar\u0131<\/h3>\n<p><\/p>\n<p>Yeni sezon zeytinya\u011f\u0131 al\u0131mlar\u0131n\u0131n, zeytin hasad\u0131n\u0131n ba\u015flamas\u0131yla birlikte <strong>Ekim 2024 ay\u0131 itibar\u0131yla<\/strong> ba\u015flamas\u0131 planlan\u0131yor. Marmarabirlik, \u00fcreticilerin kooperatiflere getirece\u011fi ya\u011flar\u0131n kalite kontrol\u00fcnden ge\u00e7irilerek al\u0131m\u0131n\u0131n yap\u0131laca\u011f\u0131n\u0131 duyurdu. Bu s\u00fcre\u00e7te standartlara uygunluk b\u00fcy\u00fck \u00f6nem ta\u015f\u0131yor.<\/p>\n<\/p>\n<p><\/p>\n<p><h3>\u00dcretici Beklentileri ve Piyasa Etkisi<\/h3>\n<p><\/p>\n<p>Fiyat a\u00e7\u0131klamas\u0131, zeytin yeti\u015ftiricileri taraf\u0131ndan olumlu kar\u015f\u0131land\u0131. \u00dcreticiler, maliyetlerdeki art\u0131\u015flar dikkate al\u0131nd\u0131\u011f\u0131nda bu fiyat\u0131n <strong>sezon \u00f6ncesi belirsizli\u011fi giderdi\u011fini<\/strong> ifade ediyor. A\u00e7\u0131klanan taban fiyat\u0131n, \u00f6zel sekt\u00f6r al\u0131mlar\u0131 ve perakende sat\u0131\u015f fiyatlar\u0131 \u00fczerinde de belirleyici olmas\u0131 bekleniyor.<\/p>\n<p><\/p>\n<p>Marmarabirlik&#8217;in bu hamlesinin, b\u00f6lge ekonomisi i\u00e7in canland\u0131r\u0131c\u0131 bir etki yaratmas\u0131 \u00f6ng\u00f6r\u00fcl\u00fcyor. Zeytinya\u011f\u0131 sekt\u00f6r\u00fcndeki di\u011fer akt\u00f6rlerin de benzer fiyat politikalar\u0131 izleyip izlemeyece\u011fi merakla takip ediliyor.<\/p><\/p>\n","protected":false},"excerpt":{"rendered":"<p>Zeytin \u00dcreticilerini Sevindiren Haber Marmarabirlik, 2024 2025 sezonu i\u00e7in nat\u00fcrel s\u0131zma zeytinya\u011f\u0131 al\u0131m fiyat\u0131n\u0131 kilogram ba\u015f\u0131na 180 TL olarak belirledi. Bu karar, b\u00f6lgedeki zeytin \u00fcreticileri i\u00e7in yeni sezonun beklentilerini \u015fekillendirdi. A\u00e7\u0131klanan fiyat, \u00f6n\u00fcm\u00fczdeki d\u00f6nemdeki pazar hareketlili\u011fi hakk\u0131nda da \u00f6nemli bir&#8230;<\/p>\n","protected":false},"author":1,"featured_media":0,"comment_status":"closed","ping_status":"closed","sticky":false,"template":"","format":"standard","meta":{"footnotes":""},"categories":[36],"tags":[],"class_list":["post-34962","post","type-post","status-publish","format-standard","hentry","category-manset"],"_links":{"self":[{"href":"http:\/\/gazetevizyon.com\/index.php?rest_route=\/wp\/v2\/posts\/34962","targetHints":{"allow":["GET"]}}],"collection":[{"href":"http:\/\/gazetevizyon.com\/index.php?rest_route=\/wp\/v2\/posts"}],"about":[{"href":"http:\/\/gazetevizyon.com\/index.php?rest_route=\/wp\/v2\/types\/post"}],"author":[{"embeddable":true,"href":"http:\/\/gazetevizyon.com\/index.php?rest_route=\/wp\/v2\/users\/1"}],"replies":[{"embeddable":true,"href":"http:\/\/gazetevizyon.com\/index.php?rest_route=%2Fwp%2Fv2%2Fcomments&post=34962"}],"version-history":[{"count":1,"href":"http:\/\/gazetevizyon.com\/index.php?rest_route=\/wp\/v2\/posts\/34962\/revisions"}],"predecessor-version":[{"id":34975,"href":"http:\/\/gazetevizyon.com\/index.php?rest_route=\/wp\/v2\/posts\/34962\/revisions\/34975"}],"wp:attachment":[{"href":"http:\/\/gazetevizyon.com\/index.php?rest_route=%2Fwp%2Fv2%2Fmedia&parent=34962"}],"wp:term":[{"taxonomy":"category","embeddable":true,"href":"http:\/\/gazetevizyon.com\/index.php?rest_route=%2Fwp%2Fv2%2Fcategories&post=34962"},{"taxonomy":"post_tag","embeddable":true,"href":"http:\/\/gazetevizyon.com\/index.php?rest_route=%2Fwp%2Fv2%2Ftags&post=34962"}],"curies":[{"name":"wp","href":"https:\/\/api.w.org\/{rel}","templated":true}]}}