{"id":35074,"date":"2025-10-03T18:18:13","date_gmt":"2025-10-03T18:18:13","guid":{"rendered":"http:\/\/gazetevizyon.com\/?p=35074"},"modified":"2025-10-03T18:18:13","modified_gmt":"2025-10-03T18:18:13","slug":"bandirma-belediyesinde-mahalle-ziyareti-gerceklesti","status":"publish","type":"post","link":"http:\/\/gazetevizyon.com\/?p=35074","title":{"rendered":"Band\u0131rma Belediyesi&#8217;nde Mahalle Ziyareti Ger\u00e7ekle\u015fti"},"content":{"rendered":"<p>\n<h2>Band\u0131rma&#8217;da Mahalle Temsilcileri Belediyede A\u011f\u0131rland\u0131<\/h2>\n<p><\/p>\n<p>Band\u0131rma Belediyesi, Kara\u00e7al\u0131l\u0131k Mahallesi temsilcilerini ve hem\u015fehrileri makam\u0131nda konuk etti. Belediye Ba\u015fkan Vekili Sami T\u00fcrkmen, ger\u00e7ekle\u015fen ziyaretten memnuniyet duyduklar\u0131n\u0131 ifade etti.<\/p>\n<\/p>\n<p><\/p>\n<p><h3>Ziyaret\u00e7i Heyetinde Kimler Vard\u0131?<\/h3>\n<p><\/p>\n<p>Belediye binas\u0131nda ger\u00e7ekle\u015fen ziyarette, Kara\u00e7al\u0131l\u0131k Mahallesi&#8217;ni temsilen bir heyet yer ald\u0131. Heyette; <strong>Meclis \u00dcyesi Volkan Pekta\u015f<\/strong> ve <strong>Mahalle Muhtar\u0131 Mehmet Evre<\/strong> bulunuyordu. Ziyaret, ayr\u0131ca mahalle sakinlerinden olu\u015fan bir grup hem\u015fehri ile birlikte ger\u00e7ekle\u015ftirildi.<\/p>\n<\/p>\n<p><\/p>\n<p><h3>Nazik Ziyaretin Ard\u0131ndan Te\u015fekk\u00fcr<\/h3>\n<p><\/p>\n<p>Band\u0131rma Belediye Ba\u015fkan Vekili Sami T\u00fcrkmen, Kara\u00e7al\u0131l\u0131k Mahallesi&#8217;nden gelen delegasyonu a\u011f\u0131rlamaktan dolay\u0131 memnun olduklar\u0131n\u0131 belirtti. Ziyaretin sonunda Ba\u015fkan Vekili T\u00fcrkmen, <strong>kendilerine g\u00f6sterdikleri nazik ziyaretten \u00f6t\u00fcr\u00fc te\u015fekk\u00fcrlerini iletti<\/strong>.<\/p><\/p>\n","protected":false},"excerpt":{"rendered":"<p>Band\u0131rma&#8217;da Mahalle Temsilcileri Belediyede A\u011f\u0131rland\u0131 Band\u0131rma Belediyesi, Kara\u00e7al\u0131l\u0131k Mahallesi temsilcilerini ve hem\u015fehrileri makam\u0131nda konuk etti. Belediye Ba\u015fkan Vekili Sami T\u00fcrkmen, ger\u00e7ekle\u015fen ziyaretten memnuniyet duyduklar\u0131n\u0131 ifade etti. Ziyaret\u00e7i Heyetinde Kimler Vard\u0131? Belediye binas\u0131nda ger\u00e7ekle\u015fen ziyarette, Kara\u00e7al\u0131l\u0131k Mahallesi&#8217;ni temsilen bir heyet yer&#8230;<\/p>\n","protected":false},"author":1,"featured_media":35075,"comment_status":"closed","ping_status":"closed","sticky":false,"template":"","format":"standard","meta":{"footnotes":""},"categories":[36],"tags":[],"class_list":["post-35074","post","type-post","status-publish","format-standard","has-post-thumbnail","hentry","category-manset"],"_links":{"self":[{"href":"http:\/\/gazetevizyon.com\/index.php?rest_route=\/wp\/v2\/posts\/35074","targetHints":{"allow":["GET"]}}],"collection":[{"href":"http:\/\/gazetevizyon.com\/index.php?rest_route=\/wp\/v2\/posts"}],"about":[{"href":"http:\/\/gazetevizyon.com\/index.php?rest_route=\/wp\/v2\/types\/post"}],"author":[{"embeddable":true,"href":"http:\/\/gazetevizyon.com\/index.php?rest_route=\/wp\/v2\/users\/1"}],"replies":[{"embeddable":true,"href":"http:\/\/gazetevizyon.com\/index.php?rest_route=%2Fwp%2Fv2%2Fcomments&post=35074"}],"version-history":[{"count":1,"href":"http:\/\/gazetevizyon.com\/index.php?rest_route=\/wp\/v2\/posts\/35074\/revisions"}],"predecessor-version":[{"id":35084,"href":"http:\/\/gazetevizyon.com\/index.php?rest_route=\/wp\/v2\/posts\/35074\/revisions\/35084"}],"wp:featuredmedia":[{"embeddable":true,"href":"http:\/\/gazetevizyon.com\/index.php?rest_route=\/wp\/v2\/media\/35075"}],"wp:attachment":[{"href":"http:\/\/gazetevizyon.com\/index.php?rest_route=%2Fwp%2Fv2%2Fmedia&parent=35074"}],"wp:term":[{"taxonomy":"category","embeddable":true,"href":"http:\/\/gazetevizyon.com\/index.php?rest_route=%2Fwp%2Fv2%2Fcategories&post=35074"},{"taxonomy":"post_tag","embeddable":true,"href":"http:\/\/gazetevizyon.com\/index.php?rest_route=%2Fwp%2Fv2%2Ftags&post=35074"}],"curies":[{"name":"wp","href":"https:\/\/api.w.org\/{rel}","templated":true}]}}