{"id":35122,"date":"2025-10-04T17:23:57","date_gmt":"2025-10-04T17:23:57","guid":{"rendered":"http:\/\/gazetevizyon.com\/?p=35122"},"modified":"2025-10-04T17:23:57","modified_gmt":"2025-10-04T17:23:57","slug":"balikesirde-kultur-ve-tarim-bir-arada-kitap-ve-tarim-fuarlari-kapilarini-aciyor","status":"publish","type":"post","link":"http:\/\/gazetevizyon.com\/?p=35122","title":{"rendered":"Bal\u0131kesir&#8217;de K\u00fclt\u00fcr ve Tar\u0131m Bir Arada: Kitap ve Tar\u0131m Fuarlar\u0131 Kap\u0131lar\u0131n\u0131 A\u00e7\u0131yor"},"content":{"rendered":"<p>\n<h2>Bal\u0131kesir&#8217;de K\u00fclt\u00fcr ve Tar\u0131m Hareketlili\u011fi<\/h2>\n<p><\/p>\n<p>Bal\u0131kesir B\u00fcy\u00fck\u015fehir Belediyesi&#8217;nin katk\u0131lar\u0131yla \u015fehir, ekim ay\u0131nda birbirinden \u00f6nemli iki fuara ev sahipli\u011fi yapmaya haz\u0131rlan\u0131yor. <strong>K\u00fclt\u00fcr ve tar\u0131m alan\u0131nda iki b\u00fcy\u00fck organizasyon<\/strong>, hem\u015fehrilere ve ziyaret\u00e7ilere unutulmaz deneyimler sunacak.<\/p>\n<\/p>\n<p><\/p>\n<p><h3>17 Ekim&#8217;de Kitap Fuar\u0131 Ba\u015fl\u0131yor<\/h3>\n<p><\/p>\n<p>Kitapseverler i\u00e7in heyecan verici haber: Bal\u0131kesir Kitap Fuar\u0131, 17 Ekim tarihinde kap\u0131lar\u0131n\u0131 a\u00e7\u0131yor. Fuara, \u015fehrin \u00f6nemli k\u00fclt\u00fcr merkezlerinden <strong>Avlu Kongre ve K\u00fclt\u00fcr Merkezi<\/strong> ev sahipli\u011fi yapacak. Bu etkinlik, okurlar\u0131 yazarlarla bulu\u015fturarak kentin k\u00fclt\u00fcrel hayat\u0131na \u00f6nemli bir katk\u0131 sa\u011flayacak.<\/p>\n<\/p>\n<p><\/p>\n<p><h3>Tar\u0131m ve Hayvanc\u0131l\u0131k Fuar\u0131 Sekt\u00f6r\u00fc Bulu\u015fturuyor<\/h3>\n<p><\/p>\n<p>Di\u011fer yandan, tar\u0131m ve hayvanc\u0131l\u0131k sekt\u00f6r\u00fcn\u00fcn bulu\u015fma noktas\u0131 olan Bal\u0131kesir Tar\u0131m ve Hayvanc\u0131l\u0131k Fuar\u0131 da ba\u015flad\u0131. Fuara, <strong>Ali Hikmet Pa\u015fa Spor Tesisleri<\/strong> ev sahipli\u011fi yap\u0131yor. Fuar, \u00e7ift\u00e7ileri ve sekt\u00f6r profesyonellerini bir araya getirerek yeni teknolojileri ve i\u015f birliklerini g\u00f6rme f\u0131rsat\u0131 sunuyor.<\/p>\n<\/p>\n<p><\/p>\n<p><h2>Belediyenin Sosyal ve K\u00fclt\u00fcrel Projeleri<\/h2>\n<p><\/p>\n<p>Bal\u0131kesir B\u00fcy\u00fck\u015fehir Belediyesi, fuarlar\u0131n yan\u0131 s\u0131ra geleneksel hale getirdi\u011fi sosyal projelerle de vatanda\u015flar\u0131n yan\u0131nda olmaya devam ediyor.<\/p>\n<\/p>\n<p><\/p>\n<p><h3>Sabahlar\u0131 S\u0131cak Bir Lezzet: G\u00fcnayd\u0131n \u00c7orbas\u0131<\/h3>\n<p><\/p>\n<p>Belediyenin sevilen sosyal sorumluluk projelerinden biri olan &#8220;G\u00fcnayd\u0131n \u00c7orbas\u0131&#8221; bu y\u0131l da devam ediyor. Proje kapsam\u0131nda, hem\u015fehrilere <strong>sabahlar\u0131 s\u0131cak \u00e7orba ikram\u0131<\/strong> yap\u0131larak g\u00fcne enerjik ba\u015flamalar\u0131na destek olunuyor.<\/p>\n<\/p>\n<p><\/p>\n<p><h3>On On Kafe Ankara&#8217;da Bal\u0131kesir Lezzetini Tan\u0131tt\u0131<\/h3>\n<p><\/p>\n<p>Belediyenin On On Kafe&#8217;si, Ankara&#8217;da d\u00fczenlenen Kahve Festivali&#8217;ne kat\u0131larak b\u00fcy\u00fck be\u011feni toplad\u0131. Kahveseverlerin yo\u011fun ilgi g\u00f6sterdi\u011fi stantta, Bal\u0131kesir&#8217;in kahve k\u00fclt\u00fcr\u00fc ba\u015fkentle bulu\u015ftu.<\/p>\n<\/p>\n<p><\/p>\n<p><h3>Uluslararas\u0131 Arenada Bal\u0131kesir ve Gazze Deste\u011fi<\/h3>\n<p><\/p>\n<p>Bal\u0131kesir B\u00fcy\u00fck\u015fehir Belediye Ba\u015fkan\u0131, kat\u0131ld\u0131\u011f\u0131 <strong>UCLG K\u00fclt\u00fcr Zirvesi<\/strong>&#8216;nde yapt\u0131\u011f\u0131 konu\u015fmada Gazze&#8217;ye olan deste\u011fini dile getirdi. Bu durum, belediyenin uluslararas\u0131 platformlarda da sosyal sorumluluk bilinciyle hareket etti\u011fini g\u00f6sterdi.<\/p><\/p>\n","protected":false},"excerpt":{"rendered":"<p>Bal\u0131kesir&#8217;de K\u00fclt\u00fcr ve Tar\u0131m Hareketlili\u011fi Bal\u0131kesir B\u00fcy\u00fck\u015fehir Belediyesi&#8217;nin katk\u0131lar\u0131yla \u015fehir, ekim ay\u0131nda birbirinden \u00f6nemli iki fuara ev sahipli\u011fi yapmaya haz\u0131rlan\u0131yor. K\u00fclt\u00fcr ve tar\u0131m alan\u0131nda iki b\u00fcy\u00fck organizasyon, hem\u015fehrilere ve ziyaret\u00e7ilere unutulmaz deneyimler sunacak. 17 Ekim&#8217;de Kitap Fuar\u0131 Ba\u015fl\u0131yor Kitapseverler i\u00e7in&#8230;<\/p>\n","protected":false},"author":1,"featured_media":35123,"comment_status":"closed","ping_status":"closed","sticky":false,"template":"","format":"standard","meta":{"footnotes":""},"categories":[36],"tags":[],"class_list":["post-35122","post","type-post","status-publish","format-standard","has-post-thumbnail","hentry","category-manset"],"_links":{"self":[{"href":"http:\/\/gazetevizyon.com\/index.php?rest_route=\/wp\/v2\/posts\/35122","targetHints":{"allow":["GET"]}}],"collection":[{"href":"http:\/\/gazetevizyon.com\/index.php?rest_route=\/wp\/v2\/posts"}],"about":[{"href":"http:\/\/gazetevizyon.com\/index.php?rest_route=\/wp\/v2\/types\/post"}],"author":[{"embeddable":true,"href":"http:\/\/gazetevizyon.com\/index.php?rest_route=\/wp\/v2\/users\/1"}],"replies":[{"embeddable":true,"href":"http:\/\/gazetevizyon.com\/index.php?rest_route=%2Fwp%2Fv2%2Fcomments&post=35122"}],"version-history":[{"count":1,"href":"http:\/\/gazetevizyon.com\/index.php?rest_route=\/wp\/v2\/posts\/35122\/revisions"}],"predecessor-version":[{"id":35135,"href":"http:\/\/gazetevizyon.com\/index.php?rest_route=\/wp\/v2\/posts\/35122\/revisions\/35135"}],"wp:featuredmedia":[{"embeddable":true,"href":"http:\/\/gazetevizyon.com\/index.php?rest_route=\/wp\/v2\/media\/35123"}],"wp:attachment":[{"href":"http:\/\/gazetevizyon.com\/index.php?rest_route=%2Fwp%2Fv2%2Fmedia&parent=35122"}],"wp:term":[{"taxonomy":"category","embeddable":true,"href":"http:\/\/gazetevizyon.com\/index.php?rest_route=%2Fwp%2Fv2%2Fcategories&post=35122"},{"taxonomy":"post_tag","embeddable":true,"href":"http:\/\/gazetevizyon.com\/index.php?rest_route=%2Fwp%2Fv2%2Ftags&post=35122"}],"curies":[{"name":"wp","href":"https:\/\/api.w.org\/{rel}","templated":true}]}}