{"id":35232,"date":"2025-10-06T21:15:02","date_gmt":"2025-10-06T21:15:02","guid":{"rendered":"http:\/\/gazetevizyon.com\/?p=35232"},"modified":"2025-10-06T21:15:02","modified_gmt":"2025-10-06T21:15:02","slug":"avsa-spor-kulubu-marmara-adalar-belediye-baskanini-ziyaret-etti","status":"publish","type":"post","link":"http:\/\/gazetevizyon.com\/?p=35232","title":{"rendered":"Av\u015fa Spor Kul\u00fcb\u00fc, Marmara Adalar Belediye Ba\u015fkan\u0131&#8217;n\u0131 Ziyaret Etti"},"content":{"rendered":"<p>\n<h2>Yeni Sezon \u00d6ncesi \u0130sti\u015fare ve Destek Ziyareti<\/h2>\n<p><\/p>\n<p>Marmara Adalar&#8217;\u0131n g\u00f6zde spor kul\u00fcplerinden Av\u015fa Spor&#8217;un y\u00f6netim kurulu, yeni sezon haz\u0131rl\u0131klar\u0131 kapsam\u0131nda Marmara Adalar Belediye Ba\u015fkan\u0131 Ayd\u0131n Din\u00e7er&#8217;i makam\u0131nda ziyaret etti.<\/p>\n<\/p>\n<p><\/p>\n<p><h3>Hedefler ve Planlar Masaya Yat\u0131r\u0131ld\u0131<\/h3>\n<p><\/p>\n<p>Ba\u015fkan Ayd\u0131n Din\u00e7er ile Av\u015fa Spor Y\u00f6netim Kurulu aras\u0131nda ger\u00e7ekle\u015fen g\u00f6r\u00fc\u015fmede, kul\u00fcb\u00fcn yeni sezondaki hedefleri, planlar\u0131 ve ihtiya\u00e7lar\u0131 ele al\u0131nd\u0131. Yap\u0131c\u0131 ge\u00e7en isti\u015farelerde, sporun ve sporcular\u0131n geli\u015fimi i\u00e7in at\u0131labilecek ad\u0131mlar konu\u015fuldu.<\/p>\n<\/p>\n<p><\/p>\n<p><h3>Belediye Ba\u015fkan\u0131&#8217;ndan Tam Destek S\u00f6z\u00fc<\/h3>\n<p><\/p>\n<p>Belediye Ba\u015fkan\u0131 Ayd\u0131n Din\u00e7er, ziyaretten duydu\u011fu memnuniyeti ifade ederek, <strong>sporun ve gen\u00e7li\u011fin her zaman yan\u0131nda olduklar\u0131n\u0131<\/strong> vurgulad\u0131. Ba\u015fkan Din\u00e7er, Av\u015fa Spor kul\u00fcb\u00fcne yeni sezon i\u00e7in ba\u015far\u0131lar dileyerek, her t\u00fcrl\u00fc deste\u011fi verme s\u00f6z\u00fc verdi.<\/p>\n<\/p>\n<p><\/p>\n<p><p>Ziyaret, kar\u015f\u0131l\u0131kl\u0131 iyi temennilerle sona erdi. Bu i\u015f birli\u011finin, adadaki spor faaliyetlerine \u00f6nemli katk\u0131lar sunmas\u0131 bekleniyor.<\/p><\/p>\n","protected":false},"excerpt":{"rendered":"<p>Yeni Sezon \u00d6ncesi \u0130sti\u015fare ve Destek Ziyareti Marmara Adalar&#8217;\u0131n g\u00f6zde spor kul\u00fcplerinden Av\u015fa Spor&#8217;un y\u00f6netim kurulu, yeni sezon haz\u0131rl\u0131klar\u0131 kapsam\u0131nda Marmara Adalar Belediye Ba\u015fkan\u0131 Ayd\u0131n Din\u00e7er&#8217;i makam\u0131nda ziyaret etti. Hedefler ve Planlar Masaya Yat\u0131r\u0131ld\u0131 Ba\u015fkan Ayd\u0131n Din\u00e7er ile Av\u015fa Spor&#8230;<\/p>\n","protected":false},"author":1,"featured_media":35233,"comment_status":"closed","ping_status":"closed","sticky":false,"template":"","format":"standard","meta":{"footnotes":""},"categories":[36],"tags":[],"class_list":["post-35232","post","type-post","status-publish","format-standard","has-post-thumbnail","hentry","category-manset"],"_links":{"self":[{"href":"http:\/\/gazetevizyon.com\/index.php?rest_route=\/wp\/v2\/posts\/35232","targetHints":{"allow":["GET"]}}],"collection":[{"href":"http:\/\/gazetevizyon.com\/index.php?rest_route=\/wp\/v2\/posts"}],"about":[{"href":"http:\/\/gazetevizyon.com\/index.php?rest_route=\/wp\/v2\/types\/post"}],"author":[{"embeddable":true,"href":"http:\/\/gazetevizyon.com\/index.php?rest_route=\/wp\/v2\/users\/1"}],"replies":[{"embeddable":true,"href":"http:\/\/gazetevizyon.com\/index.php?rest_route=%2Fwp%2Fv2%2Fcomments&post=35232"}],"version-history":[{"count":1,"href":"http:\/\/gazetevizyon.com\/index.php?rest_route=\/wp\/v2\/posts\/35232\/revisions"}],"predecessor-version":[{"id":35234,"href":"http:\/\/gazetevizyon.com\/index.php?rest_route=\/wp\/v2\/posts\/35232\/revisions\/35234"}],"wp:featuredmedia":[{"embeddable":true,"href":"http:\/\/gazetevizyon.com\/index.php?rest_route=\/wp\/v2\/media\/35233"}],"wp:attachment":[{"href":"http:\/\/gazetevizyon.com\/index.php?rest_route=%2Fwp%2Fv2%2Fmedia&parent=35232"}],"wp:term":[{"taxonomy":"category","embeddable":true,"href":"http:\/\/gazetevizyon.com\/index.php?rest_route=%2Fwp%2Fv2%2Fcategories&post=35232"},{"taxonomy":"post_tag","embeddable":true,"href":"http:\/\/gazetevizyon.com\/index.php?rest_route=%2Fwp%2Fv2%2Ftags&post=35232"}],"curies":[{"name":"wp","href":"https:\/\/api.w.org\/{rel}","templated":true}]}}