{"id":35345,"date":"2025-10-09T18:18:55","date_gmt":"2025-10-09T18:18:55","guid":{"rendered":"http:\/\/gazetevizyon.com\/?p=35345"},"modified":"2025-10-09T18:18:55","modified_gmt":"2025-10-09T18:18:55","slug":"gonende-9-ekim-persembe-gunu-nobetci-eczane-merkez-eczanesi","status":"publish","type":"post","link":"http:\/\/gazetevizyon.com\/?p=35345","title":{"rendered":"G\u00f6nen&#8217;de 9 Ekim Per\u015fembe G\u00fcn\u00fc N\u00f6bet\u00e7i Eczane MERKEZ Eczanesi"},"content":{"rendered":"<p>\n<h2>G\u00f6nen&#8217;de N\u00f6bet\u00e7i Eczane Bilgisi<\/h2>\n<p><\/p>\n<p>Bal\u0131kesir&#8217;in G\u00f6nen il\u00e7esinde 9 Ekim Per\u015fembe g\u00fcn\u00fc n\u00f6bet\u00e7i eczane olarak <strong>MERKEZ Eczanesi<\/strong> hizmet verecek.<\/p>\n<\/p>\n<p><\/p>\n<p><h3>Eczanenin Konumu ve \u0130leti\u015fim Bilgileri<\/h3>\n<p><\/p>\n<p>N\u00f6bet\u00e7i eczane, G\u00f6nen \u00c7ar\u015f\u0131 Camisi kar\u015f\u0131s\u0131nda bulunuyor. Vatanda\u015flar acil ila\u00e7 ihtiya\u00e7lar\u0131 i\u00e7in eczaneye <strong>0266 762 16 00<\/strong> numaral\u0131 telefondan ula\u015fabilirler.<\/p>\n<\/p>\n<p><\/p>\n<p><h3>Acil Sa\u011fl\u0131k \u0130htiya\u00e7lar\u0131 \u0130\u00e7in Haz\u0131r<\/h3>\n<p><\/p>\n<p>MERKEZ Eczanesi, per\u015fembe g\u00fcn\u00fc boyunca G\u00f6nen halk\u0131n\u0131n acil sa\u011fl\u0131k ve ila\u00e7 ihtiya\u00e7lar\u0131n\u0131 kar\u015f\u0131lamak i\u00e7in haz\u0131r bulunacak. Eczane yetkilileri t\u00fcm hastalara acil \u015fifalar diledi.<\/p>\n<\/p>\n<p><\/p>\n<p><p>N\u00f6bet\u00e7i eczaneler, \u00f6zellikle ak\u015fam saatlerinde ve hafta sonlar\u0131nda vatanda\u015flar\u0131n ila\u00e7 ihtiya\u00e7lar\u0131n\u0131 kar\u015f\u0131lamak i\u00e7in d\u00f6n\u00fc\u015f\u00fcml\u00fc olarak hizmet veriyor. G\u00f6nen&#8217;de ya\u015fayanlar\u0131n bu tarihte ila\u00e7 temini i\u00e7in MERKEZ Eczanesi&#8217;ne ba\u015fvurmalar\u0131 gerekiyor.<\/p><\/p>\n","protected":false},"excerpt":{"rendered":"<p>G\u00f6nen&#8217;de N\u00f6bet\u00e7i Eczane Bilgisi Bal\u0131kesir&#8217;in G\u00f6nen il\u00e7esinde 9 Ekim Per\u015fembe g\u00fcn\u00fc n\u00f6bet\u00e7i eczane olarak MERKEZ Eczanesi hizmet verecek. Eczanenin Konumu ve \u0130leti\u015fim Bilgileri N\u00f6bet\u00e7i eczane, G\u00f6nen \u00c7ar\u015f\u0131 Camisi kar\u015f\u0131s\u0131nda bulunuyor. Vatanda\u015flar acil ila\u00e7 ihtiya\u00e7lar\u0131 i\u00e7in eczaneye 0266 762 16 00&#8230;<\/p>\n","protected":false},"author":1,"featured_media":35346,"comment_status":"closed","ping_status":"closed","sticky":false,"template":"","format":"standard","meta":{"footnotes":""},"categories":[36],"tags":[],"class_list":["post-35345","post","type-post","status-publish","format-standard","has-post-thumbnail","hentry","category-manset"],"_links":{"self":[{"href":"http:\/\/gazetevizyon.com\/index.php?rest_route=\/wp\/v2\/posts\/35345","targetHints":{"allow":["GET"]}}],"collection":[{"href":"http:\/\/gazetevizyon.com\/index.php?rest_route=\/wp\/v2\/posts"}],"about":[{"href":"http:\/\/gazetevizyon.com\/index.php?rest_route=\/wp\/v2\/types\/post"}],"author":[{"embeddable":true,"href":"http:\/\/gazetevizyon.com\/index.php?rest_route=\/wp\/v2\/users\/1"}],"replies":[{"embeddable":true,"href":"http:\/\/gazetevizyon.com\/index.php?rest_route=%2Fwp%2Fv2%2Fcomments&post=35345"}],"version-history":[{"count":1,"href":"http:\/\/gazetevizyon.com\/index.php?rest_route=\/wp\/v2\/posts\/35345\/revisions"}],"predecessor-version":[{"id":35349,"href":"http:\/\/gazetevizyon.com\/index.php?rest_route=\/wp\/v2\/posts\/35345\/revisions\/35349"}],"wp:featuredmedia":[{"embeddable":true,"href":"http:\/\/gazetevizyon.com\/index.php?rest_route=\/wp\/v2\/media\/35346"}],"wp:attachment":[{"href":"http:\/\/gazetevizyon.com\/index.php?rest_route=%2Fwp%2Fv2%2Fmedia&parent=35345"}],"wp:term":[{"taxonomy":"category","embeddable":true,"href":"http:\/\/gazetevizyon.com\/index.php?rest_route=%2Fwp%2Fv2%2Fcategories&post=35345"},{"taxonomy":"post_tag","embeddable":true,"href":"http:\/\/gazetevizyon.com\/index.php?rest_route=%2Fwp%2Fv2%2Ftags&post=35345"}],"curies":[{"name":"wp","href":"https:\/\/api.w.org\/{rel}","templated":true}]}}