{"id":35506,"date":"2025-10-13T01:01:13","date_gmt":"2025-10-13T01:01:13","guid":{"rendered":"http:\/\/gazetevizyon.com\/?p=35506"},"modified":"2025-10-13T01:01:13","modified_gmt":"2025-10-13T01:01:13","slug":"balikesirde-muzik-ziyafeti-aysegul-aykac-efgan-rende-sahne-aliyor","status":"publish","type":"post","link":"http:\/\/gazetevizyon.com\/?p=35506","title":{"rendered":"Bal\u0131kesir\u2019de m\u00fczik ziyafeti: Ay\u015feg\u00fcl Ayka\u00e7 &amp; Efgan Rende sahne al\u0131yor"},"content":{"rendered":"<p><p><strong>Bal\u0131kesir B\u00fcy\u00fck\u015fehir Belediyesi<\/strong>, 8 Ekim \u00c7ar\u015famba ak\u015fam\u0131 \u00fccretsiz bir m\u00fczik \u015f\u00f6lenine ev sahipli\u011fi yap\u0131yor. Vokal ve gitar ikilisi Ay\u015feg\u00fcl Ayka\u00e7 ile Efgan Rende, Avlu Kongre ve K\u00fclt\u00fcr Merkezi Fatih Salonu\u2019nda seyirciyle bulu\u015facak.<\/p>\n<p><\/p>\n<p><h2>Seslendirilecek eserler<\/h2>\n<p>\u0130kili; rock, pop ve Anadolu ezgilerinden olu\u015fan repertuvar\u0131n\u0131 akustik d\u00fczenlemelerle sunacak. Repertuvarlar\u0131nda \u015fu ana kadar seslendirdikleri en sevilen \u015fark\u0131lar yer alacak:<\/p>\n<ul>  <\/p>\n<ul>\n<li>Duyanlarda kulak pas\u0131 silinme etkisi yaratan yorumlar\u0131<\/li>\n<p>  <\/p>\n<li>Yeni d\u00fczenlemeleriyle klasikle\u015fmi\u015f pop\n<li>rock par\u00e7alar<\/li>\n<\/li>\n<p>  <\/p>\n<li>Nostalji ve g\u00fcncel hitlerin harmanland\u0131\u011f\u0131 \u00f6zel set listesi<\/li>\n<p><\/ul>\n<\/p>\n<p><\/p>\n<p><h3>Konser saat ka\u00e7ta ve giri\u015f \u00fccretli mi?<\/h3>\n<p>Etkinlik <strong>20.00\u2019de<\/strong> ba\u015flayacak ve <strong>\u00fccretsiz<\/strong> olacak. Bal\u0131kesirlilerin yo\u011fun ilgi g\u00f6stermesi beklenen konser i\u00e7in rezervasyon gerekmeden do\u011frudan salona giri\u015f yap\u0131labilecek.<\/p>\n<p><\/p>\n<p><h2>Konser mek\u00e2n\u0131: Avlu Kongre ve K\u00fclt\u00fcr Merkezi<\/h2>\n<p>Bal\u0131kesir\u2019in en b\u00fcy\u00fck k\u00fclt\u00fcr<\/p>\n<li>sanat komplekslerinden biri olan <strong>Avlu Kongre ve K\u00fclt\u00fcr Merkezi<\/strong>, 8 Ekim ak\u015fam\u0131 m\u00fczikseverleri a\u011f\u0131rlamaya haz\u0131r. Fatih Salonu\u2019nun 1.400 ki\u015filik kapasitesi sayesinde geni\u015f bir kitleyi ayn\u0131 anda bulu\u015fturma imk\u00e2n\u0131 sunuluyor.<\/p>\n<\/li>\n<p><\/p>\n<p><h2>\u015eehrin k\u00fclt\u00fcr<\/p>\n<li>sanat takvimine canl\u0131l\u0131k kazand\u0131r\u0131yor<\/h2>\n<\/li>\n<p>B\u00fcy\u00fck\u015fehir Belediyesi yetkilileri, pandemi sonras\u0131 k\u00fclt\u00fcrel etkinliklere olan talebin artt\u0131\u011f\u0131na dikkat \u00e7ekerek, \u201cAmac\u0131m\u0131z vatanda\u015flar\u0131m\u0131za nefes ald\u0131racak, moral y\u00fckleyecek sanat bulu\u015fmalar\u0131 sunmak\u201d dedi. Ayka\u00e7<\/p>\n<li>Rende ikilisinin konseri de bu kapsamda d\u00fczenlenen <strong>\u201cAvlu Ak\u015famlar\u0131\u201d<\/strong> dizisinin ilk b\u00fcy\u00fck m\u00fczik etkinli\u011fi olma \u00f6zelli\u011fi ta\u015f\u0131yor.<\/p>\n<\/li>\n<p><\/p>\n<p><h3>Ula\u015f\u0131m ve otopark bilgisi<\/h3>\n<p>Toplu ta\u015f\u0131ma kullananlar i\u00e7in <strong>KB\u00dc<\/p>\n<li>AVLU<\/strong> otob\u00fcs hatt\u0131 etkinlik saatlerinde ek seferlerle hizmet verecek. \u00d6zel ara\u00e7lar\u0131yla gelecek seyirciler i\u00e7in ise 400 ara\u00e7l\u0131k \u00fccretsiz otopark alan\u0131 tahsis edildi.<\/p>\n<\/li>\n<p><\/p>\n<p><h2>Bal\u0131kesir\u2019de k\u00fclt\u00fcr<\/p>\n<li>sanat etkinlikleri art arda geliyor<\/h2>\n<\/li>\n<p>Ay\u015feg\u00fcl Ayka\u00e7 ve Efgan Rende konseriyle start alan sonbahar program\u0131nda, \u00f6n\u00fcm\u00fczdeki haftalarda caz geceleri, tiyatro oyunlar\u0131 ve foto\u011fraf sergileri de yer alacak. Detayl\u0131 takvim ve bilet bilgileri belediyenin k\u00fclt\u00fcr<\/p>\n<li>sanat sayfas\u0131nda yay\u0131mlanacak.<\/p>\n<\/li>\n<\/ul>\n","protected":false},"excerpt":{"rendered":"<p>Bal\u0131kesir B\u00fcy\u00fck\u015fehir Belediyesi, 8 Ekim \u00c7ar\u015famba ak\u015fam\u0131 \u00fccretsiz bir m\u00fczik \u015f\u00f6lenine ev sahipli\u011fi yap\u0131yor. Vokal ve gitar ikilisi Ay\u015feg\u00fcl Ayka\u00e7 ile Efgan Rende, Avlu Kongre ve K\u00fclt\u00fcr Merkezi Fatih Salonu\u2019nda seyirciyle bulu\u015facak. Seslendirilecek eserler \u0130kili; rock, pop ve Anadolu ezgilerinden&#8230;<\/p>\n","protected":false},"author":1,"featured_media":0,"comment_status":"closed","ping_status":"closed","sticky":false,"template":"","format":"standard","meta":{"footnotes":""},"categories":[36],"tags":[],"class_list":["post-35506","post","type-post","status-publish","format-standard","hentry","category-manset"],"_links":{"self":[{"href":"http:\/\/gazetevizyon.com\/index.php?rest_route=\/wp\/v2\/posts\/35506","targetHints":{"allow":["GET"]}}],"collection":[{"href":"http:\/\/gazetevizyon.com\/index.php?rest_route=\/wp\/v2\/posts"}],"about":[{"href":"http:\/\/gazetevizyon.com\/index.php?rest_route=\/wp\/v2\/types\/post"}],"author":[{"embeddable":true,"href":"http:\/\/gazetevizyon.com\/index.php?rest_route=\/wp\/v2\/users\/1"}],"replies":[{"embeddable":true,"href":"http:\/\/gazetevizyon.com\/index.php?rest_route=%2Fwp%2Fv2%2Fcomments&post=35506"}],"version-history":[{"count":1,"href":"http:\/\/gazetevizyon.com\/index.php?rest_route=\/wp\/v2\/posts\/35506\/revisions"}],"predecessor-version":[{"id":35510,"href":"http:\/\/gazetevizyon.com\/index.php?rest_route=\/wp\/v2\/posts\/35506\/revisions\/35510"}],"wp:attachment":[{"href":"http:\/\/gazetevizyon.com\/index.php?rest_route=%2Fwp%2Fv2%2Fmedia&parent=35506"}],"wp:term":[{"taxonomy":"category","embeddable":true,"href":"http:\/\/gazetevizyon.com\/index.php?rest_route=%2Fwp%2Fv2%2Fcategories&post=35506"},{"taxonomy":"post_tag","embeddable":true,"href":"http:\/\/gazetevizyon.com\/index.php?rest_route=%2Fwp%2Fv2%2Ftags&post=35506"}],"curies":[{"name":"wp","href":"https:\/\/api.w.org\/{rel}","templated":true}]}}