{"id":35705,"date":"2025-10-17T13:18:02","date_gmt":"2025-10-17T13:18:02","guid":{"rendered":"http:\/\/gazetevizyon.com\/?p=35705"},"modified":"2025-10-17T13:18:02","modified_gmt":"2025-10-17T13:18:02","slug":"balikesirde-geri-donusum-sanati-amorf-sergisi-sanatseverlerle-bulusuyor","status":"publish","type":"post","link":"http:\/\/gazetevizyon.com\/?p=35705","title":{"rendered":"Bal\u0131kesir&#8217;de Geri D\u00f6n\u00fc\u015f\u00fcm Sanat\u0131: Amorf Sergisi Sanatseverlerle Bulu\u015fuyor"},"content":{"rendered":"<p>\n<h2>At\u0131k Malzemeler Sanat Eserine D\u00f6n\u00fc\u015f\u00fcyor<\/h2>\n<p><\/p>\n<p>Bal\u0131kesir&#8217;de, geri d\u00f6n\u00fc\u015f\u00fcm\u00fcn sanatla bulu\u015ftu\u011fu \u00f6nemli bir etkinlik d\u00fczenleniyor. <strong>BALMEK uzman e\u011fiticilerinden Osman M\u0131sm\u0131k&#8217;\u0131n &#8220;Amorf&#8221; adl\u0131 ki\u015fisel sergisi<\/strong>, \u00e7evre bilincini sanat arac\u0131l\u0131\u011f\u0131yla yaymay\u0131 hedefliyor. Sanat\u00e7\u0131, ah\u015fap ve metal gibi at\u0131k malzemeleri \u00f6zg\u00fcn eserlere d\u00f6n\u00fc\u015ft\u00fcrerek s\u00fcrd\u00fcr\u00fclebilirli\u011fe dikkat \u00e7ekiyor.<\/p>\n<\/p>\n<p><\/p>\n<p><h3>Serginin Zaman\u0131 ve Mekan\u0131<\/h3>\n<p><\/p>\n<p>Sanat severler, bu \u00f6zel koleksiyonu 20<\/p>\n<ul>\n<li>24 Ekim tarihleri aras\u0131nda ziyaret edebilecek. Sergi, hafta i\u00e7i her g\u00fcn <strong>13.00 ile 18.00 saatleri aras\u0131nda<\/strong> a\u00e7\u0131k kalacak. Eserler, Bal\u0131kesir Kent Konseyi Fuaye Alan\u0131&#8217;nda sanat dostlar\u0131n\u0131n be\u011fenisine sunulacak.<\/p>\n<\/li>\n<\/ul>\n<p><\/p>\n<p><h3>Geri D\u00f6n\u00fc\u015f\u00fcm Temal\u0131 Sanat\u0131n \u00d6nemi<\/h3>\n<p><\/p>\n<p>&#8220;Amorf&#8221; sergisi, sadece bir sanat etkinli\u011fi de\u011fil, ayn\u0131 zamanda g\u00fc\u00e7l\u00fc bir \u00e7evre mesaj\u0131 ta\u015f\u0131yor. Osman M\u0131sm\u0131k&#8217;\u0131n \u00e7al\u0131\u015fmalar\u0131, at\u0131k malzemelerin estetik de\u011fer kazanabilece\u011fini g\u00f6stererek toplumda fark\u0131ndal\u0131k yaratmay\u0131 ama\u00e7l\u0131yor. Bu proje, sanat\u0131n toplumsal konulara nas\u0131l arac\u0131 olabilece\u011finin de \u00e7arp\u0131c\u0131 bir \u00f6rne\u011fini olu\u015fturuyor.<\/p>\n<\/p>\n<p><\/p>\n<p><h3>Ziyaret\u00e7ilere \u00c7a\u011fr\u0131<\/h3>\n<p><\/p>\n<p>Bal\u0131kesir B\u00fcy\u00fck\u015fehir Belediyesi, t\u00fcm sanatseverleri ve \u00e7evre dostlar\u0131n\u0131 bu anlaml\u0131 sergiyi g\u00f6rmeye davet ediyor. Sergi, hem g\u00f6rsel bir \u015f\u00f6len sunuyor hem de ziyaret\u00e7ilerini s\u00fcrd\u00fcr\u00fclebilir bir gelecek i\u00e7in d\u00fc\u015f\u00fcnmeye te\u015fvik ediyor.<\/p><\/p>\n","protected":false},"excerpt":{"rendered":"<p>At\u0131k Malzemeler Sanat Eserine D\u00f6n\u00fc\u015f\u00fcyor Bal\u0131kesir&#8217;de, geri d\u00f6n\u00fc\u015f\u00fcm\u00fcn sanatla bulu\u015ftu\u011fu \u00f6nemli bir etkinlik d\u00fczenleniyor. BALMEK uzman e\u011fiticilerinden Osman M\u0131sm\u0131k&#8217;\u0131n &#8220;Amorf&#8221; adl\u0131 ki\u015fisel sergisi, \u00e7evre bilincini sanat arac\u0131l\u0131\u011f\u0131yla yaymay\u0131 hedefliyor. Sanat\u00e7\u0131, ah\u015fap ve metal gibi at\u0131k malzemeleri \u00f6zg\u00fcn eserlere d\u00f6n\u00fc\u015ft\u00fcrerek s\u00fcrd\u00fcr\u00fclebilirli\u011fe&#8230;<\/p>\n","protected":false},"author":1,"featured_media":35706,"comment_status":"closed","ping_status":"closed","sticky":false,"template":"","format":"standard","meta":{"footnotes":""},"categories":[36],"tags":[],"class_list":["post-35705","post","type-post","status-publish","format-standard","has-post-thumbnail","hentry","category-manset"],"_links":{"self":[{"href":"http:\/\/gazetevizyon.com\/index.php?rest_route=\/wp\/v2\/posts\/35705","targetHints":{"allow":["GET"]}}],"collection":[{"href":"http:\/\/gazetevizyon.com\/index.php?rest_route=\/wp\/v2\/posts"}],"about":[{"href":"http:\/\/gazetevizyon.com\/index.php?rest_route=\/wp\/v2\/types\/post"}],"author":[{"embeddable":true,"href":"http:\/\/gazetevizyon.com\/index.php?rest_route=\/wp\/v2\/users\/1"}],"replies":[{"embeddable":true,"href":"http:\/\/gazetevizyon.com\/index.php?rest_route=%2Fwp%2Fv2%2Fcomments&post=35705"}],"version-history":[{"count":1,"href":"http:\/\/gazetevizyon.com\/index.php?rest_route=\/wp\/v2\/posts\/35705\/revisions"}],"predecessor-version":[{"id":35721,"href":"http:\/\/gazetevizyon.com\/index.php?rest_route=\/wp\/v2\/posts\/35705\/revisions\/35721"}],"wp:featuredmedia":[{"embeddable":true,"href":"http:\/\/gazetevizyon.com\/index.php?rest_route=\/wp\/v2\/media\/35706"}],"wp:attachment":[{"href":"http:\/\/gazetevizyon.com\/index.php?rest_route=%2Fwp%2Fv2%2Fmedia&parent=35705"}],"wp:term":[{"taxonomy":"category","embeddable":true,"href":"http:\/\/gazetevizyon.com\/index.php?rest_route=%2Fwp%2Fv2%2Fcategories&post=35705"},{"taxonomy":"post_tag","embeddable":true,"href":"http:\/\/gazetevizyon.com\/index.php?rest_route=%2Fwp%2Fv2%2Ftags&post=35705"}],"curies":[{"name":"wp","href":"https:\/\/api.w.org\/{rel}","templated":true}]}}