{"id":35962,"date":"2025-10-21T21:25:19","date_gmt":"2025-10-21T21:25:19","guid":{"rendered":"http:\/\/gazetevizyon.com\/?p=35962"},"modified":"2025-10-21T21:25:19","modified_gmt":"2025-10-21T21:25:19","slug":"balikesir-buyuksehir-belediye-baskani-ahmet-akin-ivrindide-ciftci-ve-esnaf-ziyareti-gerceklestirdi","status":"publish","type":"post","link":"http:\/\/gazetevizyon.com\/?p=35962","title":{"rendered":"Bal\u0131kesir B\u00fcy\u00fck\u015fehir Belediye Ba\u015fkan\u0131 Ahmet Ak\u0131n, Ivrindi&#8217;de \u00c7ift\u00e7i ve Esnaf Ziyareti Ger\u00e7ekle\u015ftirdi"},"content":{"rendered":"<p>\n<h2>Ba\u015fkan Ak\u0131n, Ivrindi&#8217;de Hem\u015fehrileriyle Bulu\u015ftu<\/h2>\n<p><\/p>\n<p>Bal\u0131kesir B\u00fcy\u00fck\u015fehir Belediye Ba\u015fkan\u0131 Ahmet Ak\u0131n, Ivrindi il\u00e7esinde ger\u00e7ekle\u015ftirdi\u011fi ziyaretlerde \u00e7ift\u00e7iler ve esnaflarla bir araya geldi. Ba\u015fkan Ak\u0131n, il\u00e7e halk\u0131n\u0131n taleplerini ve \u00f6nerilerini dinleyerek yerinde incelemelerde bulundu.<\/p>\n<\/p>\n<p><\/p>\n<p><h3>Esnaf Ziyaretleri ve Yerinde Dinleme<\/h3>\n<p><\/p>\n<p>Ivrindi&#8217;deki \u00e7ift\u00e7i bulu\u015fmas\u0131n\u0131n ard\u0131ndan esnaf ziyaretlerine ge\u00e7en Ba\u015fkan Ahmet Ak\u0131n, her d\u00fckkanda g\u00fcler y\u00fczle kar\u015f\u0131land\u0131\u011f\u0131n\u0131 belirtti. <strong>Hem\u015fehrilerimizin her s\u00f6z\u00fc, her bir tebess\u00fcm\u00fc bizim i\u00e7in \u00e7ok k\u0131ymetli<\/strong> diyen Ak\u0131n, esnaf\u0131n sorunlar\u0131n\u0131 ve \u00e7\u00f6z\u00fcm \u00f6nerilerini dinledi.<\/p>\n<\/p>\n<p><\/p>\n<p><h3>Yerel Ekonomiye Destek S\u00f6z\u00fc<\/h3>\n<p><\/p>\n<p>Ziyaretlerin ana oda\u011f\u0131n\u0131 esnaf\u0131n yan\u0131nda olma taahh\u00fcd\u00fc olu\u015fturdu. Ba\u015fkan Ak\u0131n, yapt\u0131\u011f\u0131 a\u00e7\u0131klamada, &#8220;Esnaf\u0131m\u0131z\u0131n yan\u0131nda ve hizmetinde olmaya daima devam edece\u011fiz&#8221; ifadelerini kulland\u0131. Bu ziyaretlerin, belediye hizmetlerinin yereldeki ihtiya\u00e7lara g\u00f6re \u015fekillenmesi a\u00e7\u0131s\u0131ndan \u00f6nemli oldu\u011fu vurguland\u0131.<\/p>\n<\/p>\n<p><\/p>\n<p><p>Ziyaretler, Bal\u0131kesir B\u00fcy\u00fck\u015fehir Belediyesi&#8217;nin il\u00e7elerle olan ba\u011f\u0131n\u0131 g\u00fc\u00e7lendirmeye y\u00f6nelik \u00e7al\u0131\u015fmalar kapsam\u0131nda ger\u00e7ekle\u015ftirildi.<\/p><\/p>\n","protected":false},"excerpt":{"rendered":"<p>Ba\u015fkan Ak\u0131n, Ivrindi&#8217;de Hem\u015fehrileriyle Bulu\u015ftu Bal\u0131kesir B\u00fcy\u00fck\u015fehir Belediye Ba\u015fkan\u0131 Ahmet Ak\u0131n, Ivrindi il\u00e7esinde ger\u00e7ekle\u015ftirdi\u011fi ziyaretlerde \u00e7ift\u00e7iler ve esnaflarla bir araya geldi. Ba\u015fkan Ak\u0131n, il\u00e7e halk\u0131n\u0131n taleplerini ve \u00f6nerilerini dinleyerek yerinde incelemelerde bulundu. Esnaf Ziyaretleri ve Yerinde Dinleme Ivrindi&#8217;deki \u00e7ift\u00e7i bulu\u015fmas\u0131n\u0131n&#8230;<\/p>\n","protected":false},"author":1,"featured_media":35963,"comment_status":"closed","ping_status":"closed","sticky":false,"template":"","format":"standard","meta":{"footnotes":""},"categories":[36],"tags":[],"class_list":["post-35962","post","type-post","status-publish","format-standard","has-post-thumbnail","hentry","category-manset"],"_links":{"self":[{"href":"http:\/\/gazetevizyon.com\/index.php?rest_route=\/wp\/v2\/posts\/35962","targetHints":{"allow":["GET"]}}],"collection":[{"href":"http:\/\/gazetevizyon.com\/index.php?rest_route=\/wp\/v2\/posts"}],"about":[{"href":"http:\/\/gazetevizyon.com\/index.php?rest_route=\/wp\/v2\/types\/post"}],"author":[{"embeddable":true,"href":"http:\/\/gazetevizyon.com\/index.php?rest_route=\/wp\/v2\/users\/1"}],"replies":[{"embeddable":true,"href":"http:\/\/gazetevizyon.com\/index.php?rest_route=%2Fwp%2Fv2%2Fcomments&post=35962"}],"version-history":[{"count":1,"href":"http:\/\/gazetevizyon.com\/index.php?rest_route=\/wp\/v2\/posts\/35962\/revisions"}],"predecessor-version":[{"id":35972,"href":"http:\/\/gazetevizyon.com\/index.php?rest_route=\/wp\/v2\/posts\/35962\/revisions\/35972"}],"wp:featuredmedia":[{"embeddable":true,"href":"http:\/\/gazetevizyon.com\/index.php?rest_route=\/wp\/v2\/media\/35963"}],"wp:attachment":[{"href":"http:\/\/gazetevizyon.com\/index.php?rest_route=%2Fwp%2Fv2%2Fmedia&parent=35962"}],"wp:term":[{"taxonomy":"category","embeddable":true,"href":"http:\/\/gazetevizyon.com\/index.php?rest_route=%2Fwp%2Fv2%2Fcategories&post=35962"},{"taxonomy":"post_tag","embeddable":true,"href":"http:\/\/gazetevizyon.com\/index.php?rest_route=%2Fwp%2Fv2%2Ftags&post=35962"}],"curies":[{"name":"wp","href":"https:\/\/api.w.org\/{rel}","templated":true}]}}