{"id":3621,"date":"2019-04-15T07:43:03","date_gmt":"2019-04-15T07:43:03","guid":{"rendered":"http:\/\/gazetevizyon.com\/?p=3621"},"modified":"2019-04-15T07:43:04","modified_gmt":"2019-04-15T07:43:04","slug":"tarim-urunleri-uretici-fiyat-endeksi-mart-2019","status":"publish","type":"post","link":"http:\/\/gazetevizyon.com\/?p=3621","title":{"rendered":"TARIM \u00dcR\u00dcNLER\u0130 \u00dcRET\u0130C\u0130 F\u0130YAT ENDEKS\u0130, MART 2019"},"content":{"rendered":"\n<p><strong>Tar\u0131m- \u00dcFE Mart ay\u0131nda %1,75 artt\u0131<\/strong><br><br>Tar\u0131m \u00fcr\u00fcnleri \u00fcretici fiyat endeksi (Tar\u0131m &#8211; \u00dcFE), 2019 y\u0131l\u0131 Mart ay\u0131nda bir \u00f6nceki aya g\u00f6re %1,75, bir \u00f6nceki y\u0131l\u0131n Aral\u0131k ay\u0131na g\u00f6re %13,20, bir \u00f6nceki y\u0131l\u0131n ayn\u0131 ay\u0131na g\u00f6re %27,33 ve on iki ayl\u0131k ortalamalara g\u00f6re %16,04 art\u0131\u015f g\u00f6sterdi.<\/p>\n\n\n\n<p>Bir \u00f6nceki aya g\u00f6re de\u011fi\u015fim; tar\u0131m ve avc\u0131l\u0131k \u00fcr\u00fcnlerinde %1,88, ormanc\u0131l\u0131k \u00fcr\u00fcnlerinde %5,19 art\u0131\u015f, bal\u0131k\u00e7\u0131l\u0131kta ise %4,71 azal\u0131\u015f ger\u00e7ekle\u015fti.<br><br><strong>Ayl\u0131k en fazla art\u0131\u015f \u00e7ok y\u0131ll\u0131k bitkisel \u00fcr\u00fcnler ana grubunda ger\u00e7ekle\u015fti<\/strong><br><br>Ana gruplarda bir \u00f6nceki aya g\u00f6re de\u011fi\u015fim; \u00e7ok y\u0131ll\u0131k bitkisel \u00fcr\u00fcnlerde %6,62, tek y\u0131ll\u0131k bitkisel \u00fcr\u00fcnlerde %1,62 art\u0131\u015f, canl\u0131 hayvanlar ve hayvansal \u00fcr\u00fcnlerde %0,63 azal\u0131\u015f ger\u00e7ekle\u015fti.<br><br><strong>Alt tar\u0131m gruplar\u0131ndan sebzeler bir \u00f6nceki aya g\u00f6re %3,31 artt\u0131<\/strong><br><br>Alt tar\u0131m gruplar\u0131ndan; turun\u00e7giller %7,96, \u00e7eltik %3,46, koyun ve ke\u00e7i, canl\u0131; bunlar\u0131n i\u015flenmemi\u015f s\u00fct ve yapa\u011f\u0131lar\u0131 %0,62 art\u0131\u015f, ya\u011fl\u0131 meyveler %0,33, canl\u0131 k\u00fcmes hayvanlar\u0131 ve yumurtalar %3,28, lifli bitkiler %5,01 azal\u0131\u015f g\u00f6sterdi. &nbsp;<br><br>Mart 2019&#8217;da endekste kapsanan 81 maddeden; 48 maddenin fiyatlar\u0131nda art\u0131\u015f, 27 maddenin fiyatlar\u0131nda azal\u0131\u015f, 6 maddenin fiyatlar\u0131nda ise de\u011fi\u015fim olmam\u0131\u015ft\u0131r.<\/p>\n\n\n\n<p><\/p>\n\n\n\n<figure class=\"wp-block-image\"><img decoding=\"async\" src=\"http:\/\/www.tuik.gov.tr\/hb\/398\/kapak\/30732_img_1_398_15.04.2019-1921359863.jpg\" alt=\"\"\/><\/figure>\n\n\n\n<p><strong>Tar\u0131m \u00dcFE y\u0131ll\u0131k de\u011fi\u015fim, 2018-2019<br>&nbsp;[2015=100]<\/strong><br><\/p>\n\n\n\n<figure class=\"wp-block-image\"><img decoding=\"async\" src=\"http:\/\/www.tuik.gov.tr\/hb\/398\/kapak\/30732_img_2_398_15.04.2019168624980.jpg\" alt=\"\"\/><\/figure>\n\n\n\n<p><\/p>\n","protected":false},"excerpt":{"rendered":"<p>Tar\u0131m- \u00dcFE Mart ay\u0131nda %1,75 artt\u0131 Tar\u0131m \u00fcr\u00fcnleri \u00fcretici fiyat endeksi (Tar\u0131m &#8211; \u00dcFE), 2019 y\u0131l\u0131 Mart ay\u0131nda bir \u00f6nceki aya g\u00f6re %1,75, bir \u00f6nceki y\u0131l\u0131n Aral\u0131k ay\u0131na g\u00f6re %13,20, bir \u00f6nceki y\u0131l\u0131n ayn\u0131 ay\u0131na g\u00f6re %27,33 ve on iki&#8230;<\/p>\n","protected":false},"author":3,"featured_media":3622,"comment_status":"open","ping_status":"open","sticky":false,"template":"","format":"standard","meta":{"footnotes":""},"categories":[20,36,31],"tags":[],"class_list":["post-3621","post","type-post","status-publish","format-standard","has-post-thumbnail","hentry","category-guncel","category-manset","category-tarimvehayvancilik"],"_links":{"self":[{"href":"http:\/\/gazetevizyon.com\/index.php?rest_route=\/wp\/v2\/posts\/3621","targetHints":{"allow":["GET"]}}],"collection":[{"href":"http:\/\/gazetevizyon.com\/index.php?rest_route=\/wp\/v2\/posts"}],"about":[{"href":"http:\/\/gazetevizyon.com\/index.php?rest_route=\/wp\/v2\/types\/post"}],"author":[{"embeddable":true,"href":"http:\/\/gazetevizyon.com\/index.php?rest_route=\/wp\/v2\/users\/3"}],"replies":[{"embeddable":true,"href":"http:\/\/gazetevizyon.com\/index.php?rest_route=%2Fwp%2Fv2%2Fcomments&post=3621"}],"version-history":[{"count":1,"href":"http:\/\/gazetevizyon.com\/index.php?rest_route=\/wp\/v2\/posts\/3621\/revisions"}],"predecessor-version":[{"id":3623,"href":"http:\/\/gazetevizyon.com\/index.php?rest_route=\/wp\/v2\/posts\/3621\/revisions\/3623"}],"wp:featuredmedia":[{"embeddable":true,"href":"http:\/\/gazetevizyon.com\/index.php?rest_route=\/wp\/v2\/media\/3622"}],"wp:attachment":[{"href":"http:\/\/gazetevizyon.com\/index.php?rest_route=%2Fwp%2Fv2%2Fmedia&parent=3621"}],"wp:term":[{"taxonomy":"category","embeddable":true,"href":"http:\/\/gazetevizyon.com\/index.php?rest_route=%2Fwp%2Fv2%2Fcategories&post=3621"},{"taxonomy":"post_tag","embeddable":true,"href":"http:\/\/gazetevizyon.com\/index.php?rest_route=%2Fwp%2Fv2%2Ftags&post=3621"}],"curies":[{"name":"wp","href":"https:\/\/api.w.org\/{rel}","templated":true}]}}