{"id":36556,"date":"2025-11-03T01:20:02","date_gmt":"2025-11-03T01:20:02","guid":{"rendered":"http:\/\/gazetevizyon.com\/?p=36556"},"modified":"2025-11-03T01:20:02","modified_gmt":"2025-11-03T01:20:02","slug":"gonende-hafta-sonu-saganak-yagis-uyarisi","status":"publish","type":"post","link":"http:\/\/gazetevizyon.com\/?p=36556","title":{"rendered":"G\u00f6nen&#8217;de Hafta Sonu Sa\u011fanak Ya\u011f\u0131\u015f Uyar\u0131s\u0131"},"content":{"rendered":"<p>\n<h2>G\u00f6nen&#8217;de Hava Durumu De\u011fi\u015fiyor<\/h2>\n<p><\/p>\n<p>Meteoroloji Genel M\u00fcd\u00fcrl\u00fc\u011f\u00fc&#8217;n\u00fcn son verilerine g\u00f6re, G\u00f6nen&#8217;de hafta ba\u015f\u0131nda \u0131l\u0131k ve par\u00e7al\u0131 bulutlu hava etkili olacak. Ancak hafta ortas\u0131ndan itibaren <strong>sa\u011fanak ya\u011f\u0131\u015flar\u0131n<\/strong> gelmesi bekleniyor.<\/p>\n<\/p>\n<p><\/p>\n<p><h3>Pazartesi ve Sal\u0131 G\u00fcn\u00fc Par\u00e7al\u0131 Bulutlu Hava<\/h3>\n<p><\/p>\n<p>Haftan\u0131n ilk iki g\u00fcn\u00fc, 3 ve 4 Kas\u0131m Pazartesi ile Sal\u0131 g\u00fcnlerinde, G\u00f6nen&#8217;de hava par\u00e7al\u0131 bulutlu ge\u00e7ecek. S\u0131cakl\u0131k de\u011ferleri mevsim normallerinin \u00fczerinde seyrederek g\u00fcnd\u00fcz 22<\/p>\n<ul>\n<li>23 derece, gece ise 9 derece civar\u0131nda olacak.<\/p>\n<\/li>\n<p><\/p>\n<p><h3>\u00c7ar\u015famba G\u00fcn\u00fc Ba\u015flayacak Ya\u011f\u0131\u015flar<\/h3>\n<p><\/p>\n<p>Hava durumundaki \u00f6nemli de\u011fi\u015fiklik 5 Kas\u0131m \u00c7ar\u015famba g\u00fcn\u00fc ya\u015fanacak. \u0130l\u00e7ede bu tarihten itibaren <strong>sa\u011fanak ya\u011f\u0131\u015flar<\/strong> bekleniyor. Ya\u011f\u0131\u015fl\u0131 havan\u0131n Per\u015fembe ve Cuma g\u00fcnleri de devam etmesi \u00f6ng\u00f6r\u00fcl\u00fcyor.<\/p>\n<\/p>\n<p><\/p>\n<p><h3>S\u0131cakl\u0131klar D\u00fc\u015fecek<\/h3>\n<p><\/p>\n<p>Ya\u011f\u0131\u015flarla birlikte termometrelerde bir d\u00fc\u015f\u00fc\u015f g\u00f6r\u00fclecek. \u00c7ar\u015famba, Per\u015fembe ve Cuma g\u00fcnlerinde hava s\u0131cakl\u0131\u011f\u0131n\u0131n g\u00fcnd\u00fcz 18<\/p>\n<li>20 derece aral\u0131\u011f\u0131na inece\u011fi tahmin ediliyor. Vatanda\u015flar\u0131n ya\u011f\u0131\u015fl\u0131 hava ko\u015fullar\u0131na kar\u015f\u0131 tedbirli olmas\u0131 \u00f6neriliyor.<\/p>\n<\/li>\n<\/ul>\n","protected":false},"excerpt":{"rendered":"<p>G\u00f6nen&#8217;de Hava Durumu De\u011fi\u015fiyor Meteoroloji Genel M\u00fcd\u00fcrl\u00fc\u011f\u00fc&#8217;n\u00fcn son verilerine g\u00f6re, G\u00f6nen&#8217;de hafta ba\u015f\u0131nda \u0131l\u0131k ve par\u00e7al\u0131 bulutlu hava etkili olacak. Ancak hafta ortas\u0131ndan itibaren sa\u011fanak ya\u011f\u0131\u015flar\u0131n gelmesi bekleniyor. Pazartesi ve Sal\u0131 G\u00fcn\u00fc Par\u00e7al\u0131 Bulutlu Hava Haftan\u0131n ilk iki g\u00fcn\u00fc, 3&#8230;<\/p>\n","protected":false},"author":1,"featured_media":36557,"comment_status":"closed","ping_status":"closed","sticky":false,"template":"","format":"standard","meta":{"footnotes":""},"categories":[36],"tags":[],"class_list":["post-36556","post","type-post","status-publish","format-standard","has-post-thumbnail","hentry","category-manset"],"_links":{"self":[{"href":"http:\/\/gazetevizyon.com\/index.php?rest_route=\/wp\/v2\/posts\/36556","targetHints":{"allow":["GET"]}}],"collection":[{"href":"http:\/\/gazetevizyon.com\/index.php?rest_route=\/wp\/v2\/posts"}],"about":[{"href":"http:\/\/gazetevizyon.com\/index.php?rest_route=\/wp\/v2\/types\/post"}],"author":[{"embeddable":true,"href":"http:\/\/gazetevizyon.com\/index.php?rest_route=\/wp\/v2\/users\/1"}],"replies":[{"embeddable":true,"href":"http:\/\/gazetevizyon.com\/index.php?rest_route=%2Fwp%2Fv2%2Fcomments&post=36556"}],"version-history":[{"count":1,"href":"http:\/\/gazetevizyon.com\/index.php?rest_route=\/wp\/v2\/posts\/36556\/revisions"}],"predecessor-version":[{"id":36559,"href":"http:\/\/gazetevizyon.com\/index.php?rest_route=\/wp\/v2\/posts\/36556\/revisions\/36559"}],"wp:featuredmedia":[{"embeddable":true,"href":"http:\/\/gazetevizyon.com\/index.php?rest_route=\/wp\/v2\/media\/36557"}],"wp:attachment":[{"href":"http:\/\/gazetevizyon.com\/index.php?rest_route=%2Fwp%2Fv2%2Fmedia&parent=36556"}],"wp:term":[{"taxonomy":"category","embeddable":true,"href":"http:\/\/gazetevizyon.com\/index.php?rest_route=%2Fwp%2Fv2%2Fcategories&post=36556"},{"taxonomy":"post_tag","embeddable":true,"href":"http:\/\/gazetevizyon.com\/index.php?rest_route=%2Fwp%2Fv2%2Ftags&post=36556"}],"curies":[{"name":"wp","href":"https:\/\/api.w.org\/{rel}","templated":true}]}}