{"id":36589,"date":"2025-11-03T16:24:22","date_gmt":"2025-11-03T16:24:22","guid":{"rendered":"http:\/\/gazetevizyon.com\/?p=36589"},"modified":"2025-11-03T16:24:22","modified_gmt":"2025-11-03T16:24:22","slug":"balikesirde-sefkat-pazari-kermesi-duzenlendi","status":"publish","type":"post","link":"http:\/\/gazetevizyon.com\/?p=36589","title":{"rendered":"Bal\u0131kesir&#8217;de \u015eefkat Pazar\u0131 Kermesi D\u00fczenlendi"},"content":{"rendered":"<p>\n<h2>Bal\u0131kesir&#8217;de Sosyal Sorumluluk Projesi<\/h2>\n<p><\/p>\n<p>T\u00fcrk K\u0131z\u0131lay Bal\u0131kesir \u015eube Ba\u015fkanl\u0131\u011f\u0131, anlaml\u0131 bir sosyal sorumluluk projesine imza atarak <strong>\u015eefkat Pazar\u0131 Kermesi<\/strong> d\u00fczenledi. Kermese Bal\u0131kesir Valisi \u0130smail Ustao\u011flu da kat\u0131larak destek verdi.<\/p>\n<\/p>\n<p><\/p>\n<p><h3>Vali Ustao\u011flu&#8217;ndan K\u0131z\u0131lay&#8217;a Tam Destek<\/h3>\n<p><\/p>\n<p>Bal\u0131kesir Valisi \u0130smail Ustao\u011flu, T\u00fcrk K\u0131z\u0131lay&#8217;\u0131n d\u00fczenledi\u011fi kermesi ziyaret ederek yetkililerden \u00e7al\u0131\u015fmalar hakk\u0131nda bilgi ald\u0131. Vali Ustao\u011flu, K\u0131z\u0131lay&#8217;\u0131n \u00f6zverili \u00e7al\u0131\u015fmalar\u0131n\u0131n toplumun her kesimi i\u00e7in b\u00fcy\u00fck \u00f6nem ta\u015f\u0131d\u0131\u011f\u0131n\u0131 vurgulad\u0131. Kermesten elde edilen gelirin, ihtiya\u00e7 sahibi ailelere ula\u015ft\u0131r\u0131laca\u011f\u0131 belirtildi.<\/p>\n<\/p>\n<p><\/p>\n<p><h3>Kermesin Hedefi ve \u00d6nemi<\/h3>\n<p><\/p>\n<p>\u015eefkat Pazar\u0131 Kermesi&#8217;nin temel amac\u0131, yard\u0131msever vatanda\u015flar\u0131n katk\u0131lar\u0131yla toplanan kaynaklar\u0131, \u015fehirdeki ihtiya\u00e7 sahipleri i\u00e7in seferber etmek. Bu t\u00fcr etkinlikler, dayan\u0131\u015fma ruhunu peki\u015ftirirken, K\u0131z\u0131lay&#8217;\u0131n yard\u0131m a\u011f\u0131n\u0131 g\u00fc\u00e7lendiriyor. Etkinlikte sat\u0131lan \u00fcr\u00fcnler ve ba\u011f\u0131\u015flar, kurumun insani yard\u0131m \u00e7al\u0131\u015fmalar\u0131na destek olacak.<\/p><\/p>\n","protected":false},"excerpt":{"rendered":"<p>Bal\u0131kesir&#8217;de Sosyal Sorumluluk Projesi T\u00fcrk K\u0131z\u0131lay Bal\u0131kesir \u015eube Ba\u015fkanl\u0131\u011f\u0131, anlaml\u0131 bir sosyal sorumluluk projesine imza atarak \u015eefkat Pazar\u0131 Kermesi d\u00fczenledi. Kermese Bal\u0131kesir Valisi \u0130smail Ustao\u011flu da kat\u0131larak destek verdi. Vali Ustao\u011flu&#8217;ndan K\u0131z\u0131lay&#8217;a Tam Destek Bal\u0131kesir Valisi \u0130smail Ustao\u011flu, T\u00fcrk K\u0131z\u0131lay&#8217;\u0131n&#8230;<\/p>\n","protected":false},"author":1,"featured_media":36590,"comment_status":"closed","ping_status":"closed","sticky":false,"template":"","format":"standard","meta":{"footnotes":""},"categories":[36],"tags":[],"class_list":["post-36589","post","type-post","status-publish","format-standard","has-post-thumbnail","hentry","category-manset"],"_links":{"self":[{"href":"http:\/\/gazetevizyon.com\/index.php?rest_route=\/wp\/v2\/posts\/36589","targetHints":{"allow":["GET"]}}],"collection":[{"href":"http:\/\/gazetevizyon.com\/index.php?rest_route=\/wp\/v2\/posts"}],"about":[{"href":"http:\/\/gazetevizyon.com\/index.php?rest_route=\/wp\/v2\/types\/post"}],"author":[{"embeddable":true,"href":"http:\/\/gazetevizyon.com\/index.php?rest_route=\/wp\/v2\/users\/1"}],"replies":[{"embeddable":true,"href":"http:\/\/gazetevizyon.com\/index.php?rest_route=%2Fwp%2Fv2%2Fcomments&post=36589"}],"version-history":[{"count":1,"href":"http:\/\/gazetevizyon.com\/index.php?rest_route=\/wp\/v2\/posts\/36589\/revisions"}],"predecessor-version":[{"id":36603,"href":"http:\/\/gazetevizyon.com\/index.php?rest_route=\/wp\/v2\/posts\/36589\/revisions\/36603"}],"wp:featuredmedia":[{"embeddable":true,"href":"http:\/\/gazetevizyon.com\/index.php?rest_route=\/wp\/v2\/media\/36590"}],"wp:attachment":[{"href":"http:\/\/gazetevizyon.com\/index.php?rest_route=%2Fwp%2Fv2%2Fmedia&parent=36589"}],"wp:term":[{"taxonomy":"category","embeddable":true,"href":"http:\/\/gazetevizyon.com\/index.php?rest_route=%2Fwp%2Fv2%2Fcategories&post=36589"},{"taxonomy":"post_tag","embeddable":true,"href":"http:\/\/gazetevizyon.com\/index.php?rest_route=%2Fwp%2Fv2%2Ftags&post=36589"}],"curies":[{"name":"wp","href":"https:\/\/api.w.org\/{rel}","templated":true}]}}