{"id":36701,"date":"2025-11-05T16:56:36","date_gmt":"2025-11-05T16:56:36","guid":{"rendered":"http:\/\/gazetevizyon.com\/?p=36701"},"modified":"2025-11-05T16:56:36","modified_gmt":"2025-11-05T16:56:36","slug":"balikesir-valisi-kizilay-mobil-kan-bagis-aracini-ziyaret-etti","status":"publish","type":"post","link":"http:\/\/gazetevizyon.com\/?p=36701","title":{"rendered":"Bal\u0131kesir Valisi K\u0131z\u0131lay Mobil Kan Ba\u011f\u0131\u015f Arac\u0131n\u0131 Ziyaret Etti"},"content":{"rendered":"<p>\n<h2>Vali Ustao\u011flu K\u0131z\u0131lay&#8217;\u0131n Mobil Hizmet Ara\u00e7lar\u0131n\u0131 Yerinde \u0130nceledi<\/h2>\n<p><\/p>\n<p>Bal\u0131kesir Valisi \u0130smail Ustao\u011flu, T\u00fcrk K\u0131z\u0131lay&#8217;\u0131n Mobil Kan Ba\u011f\u0131\u015f arac\u0131 ile Mobil Sosyal Hizmet arac\u0131n\u0131 ziyaret ederek yetkililerden \u00e7al\u0131\u015fmalar hakk\u0131nda detayl\u0131 bilgi ald\u0131.<\/p>\n<\/p>\n<p><\/p>\n<p><h3>Yerinde \u0130nceleme ve Bilgi Alma<\/h3>\n<p><\/p>\n<p>Vali Ustao\u011flu&#8217;nun ger\u00e7ekle\u015ftirdi\u011fi ziyarette, <strong>mobil kan ba\u011f\u0131\u015f\u0131 ve sosyal hizmet \u00e7al\u0131\u015fmalar\u0131<\/strong> mercek alt\u0131na al\u0131nd\u0131. Valilik makam\u0131, K\u0131z\u0131lay&#8217;\u0131n \u015fehirde y\u00fcr\u00fctt\u00fc\u011f\u00fc bu \u00f6nemli faaliyetleri yak\u0131ndan takip ederek vatanda\u015flara sunulan hizmetlerin kalitesini de\u011ferlendirdi.<\/p>\n<\/p>\n<p><\/p>\n<p><h3>Toplumsal Duyarl\u0131l\u0131k Vurgusu<\/h3>\n<p><\/p>\n<p>Ziyaret s\u0131ras\u0131nda Vali Ustao\u011flu, kan ba\u011f\u0131\u015f\u0131n\u0131n toplum sa\u011fl\u0131\u011f\u0131 a\u00e7\u0131s\u0131ndan ta\u015f\u0131d\u0131\u011f\u0131 hayati \u00f6neme dikkat \u00e7ekti. Mobil hizmet ara\u00e7lar\u0131n\u0131n, vatanda\u015flar\u0131n aya\u011f\u0131na giderek bu konudaki fark\u0131ndal\u0131\u011f\u0131 art\u0131rmadaki rol\u00fcn\u00fcn alt\u0131 \u00e7izildi.<\/p>\n<\/p>\n<p><\/p>\n<p><p>Bal\u0131kesir&#8217;deki K\u0131z\u0131lay mobil ekipleri, d\u00fczenli olarak \u015fehrin farkl\u0131 noktalar\u0131nda hizmet veriyor ve vatanda\u015flar\u0131n kan ba\u011f\u0131\u015f\u0131 yapmalar\u0131n\u0131 kolayla\u015ft\u0131r\u0131yor. Bu ziyaretle birlikte, mobil sosyal hizmetlerin kapsam\u0131 ve etkinli\u011fi de g\u00f6zden ge\u00e7irilmi\u015f oldu.<\/p><\/p>\n","protected":false},"excerpt":{"rendered":"<p>Vali Ustao\u011flu K\u0131z\u0131lay&#8217;\u0131n Mobil Hizmet Ara\u00e7lar\u0131n\u0131 Yerinde \u0130nceledi Bal\u0131kesir Valisi \u0130smail Ustao\u011flu, T\u00fcrk K\u0131z\u0131lay&#8217;\u0131n Mobil Kan Ba\u011f\u0131\u015f arac\u0131 ile Mobil Sosyal Hizmet arac\u0131n\u0131 ziyaret ederek yetkililerden \u00e7al\u0131\u015fmalar hakk\u0131nda detayl\u0131 bilgi ald\u0131. Yerinde \u0130nceleme ve Bilgi Alma Vali Ustao\u011flu&#8217;nun ger\u00e7ekle\u015ftirdi\u011fi ziyarette,&#8230;<\/p>\n","protected":false},"author":1,"featured_media":36702,"comment_status":"closed","ping_status":"closed","sticky":false,"template":"","format":"standard","meta":{"footnotes":""},"categories":[36],"tags":[],"class_list":["post-36701","post","type-post","status-publish","format-standard","has-post-thumbnail","hentry","category-manset"],"_links":{"self":[{"href":"http:\/\/gazetevizyon.com\/index.php?rest_route=\/wp\/v2\/posts\/36701","targetHints":{"allow":["GET"]}}],"collection":[{"href":"http:\/\/gazetevizyon.com\/index.php?rest_route=\/wp\/v2\/posts"}],"about":[{"href":"http:\/\/gazetevizyon.com\/index.php?rest_route=\/wp\/v2\/types\/post"}],"author":[{"embeddable":true,"href":"http:\/\/gazetevizyon.com\/index.php?rest_route=\/wp\/v2\/users\/1"}],"replies":[{"embeddable":true,"href":"http:\/\/gazetevizyon.com\/index.php?rest_route=%2Fwp%2Fv2%2Fcomments&post=36701"}],"version-history":[{"count":1,"href":"http:\/\/gazetevizyon.com\/index.php?rest_route=\/wp\/v2\/posts\/36701\/revisions"}],"predecessor-version":[{"id":36713,"href":"http:\/\/gazetevizyon.com\/index.php?rest_route=\/wp\/v2\/posts\/36701\/revisions\/36713"}],"wp:featuredmedia":[{"embeddable":true,"href":"http:\/\/gazetevizyon.com\/index.php?rest_route=\/wp\/v2\/media\/36702"}],"wp:attachment":[{"href":"http:\/\/gazetevizyon.com\/index.php?rest_route=%2Fwp%2Fv2%2Fmedia&parent=36701"}],"wp:term":[{"taxonomy":"category","embeddable":true,"href":"http:\/\/gazetevizyon.com\/index.php?rest_route=%2Fwp%2Fv2%2Fcategories&post=36701"},{"taxonomy":"post_tag","embeddable":true,"href":"http:\/\/gazetevizyon.com\/index.php?rest_route=%2Fwp%2Fv2%2Ftags&post=36701"}],"curies":[{"name":"wp","href":"https:\/\/api.w.org\/{rel}","templated":true}]}}